{"id":1566,"date":"2014-12-31T16:22:56","date_gmt":"2015-01-01T00:22:56","guid":{"rendered":"\/?p=1566"},"modified":"2023-03-28T07:39:22","modified_gmt":"2023-03-28T14:39:22","slug":"2014-a-year-we-will-remember","status":"publish","type":"post","link":"https:\/\/www.rightscenter.org\/es\/news\/2014-a-year-we-will-remember\/","title":{"rendered":"2014- Una Ano que Recordaremos"},"content":{"rendered":"<p>Queridos amigos,<\/p>\n<p>Me entristece ver que 2014 llega a su fin.  En este a\u00f1o, el Centro de Derchos Laborales pas\u00f3 de ser un sue\u00f1o a una respetada organizaci\u00f3n de servicios legales. Desde su apertura en Septiembre, hemos ayudado a\u00a0<strong>75 trabajadores<\/strong>\u00a0con sus problemas en el lugar de trabajo,\u00a0<strong>hemos ganado el 100% <\/strong>de nuestras audiencias administrativas, hemos formado a\u00a0<strong>13 defensores estudiantes de Derecho <\/strong>hemos involucrado\u00a0<strong>a 14 abogados voluntarios<\/strong>y hemos\u00a0<strong>celebrado 5 cl\u00ednicas de derechos de los trabajadores.<\/strong>Y lo que es m\u00e1s importante, hemos creado una organizaci\u00f3n que defiende los derechos de los trabajadores con salarios bajos en la zona de Sacramento y est\u00e1 dispuesta a ayudar a la comunidad con problemas grandes y peque\u00f1os.<\/p>\n<p>2014 fue el a\u00f1o de nuestra fundaci\u00f3n; 2015 ser\u00e1 el de nuestra sostenibilidad. Tenemos una visi\u00f3n clara para mejorar las condiciones laborales de los trabajadores locales, pero necesitamos recursos para poder alcanzar esos objetivos. En solo cuatro meses, casi hemos alcanzado nuestra capacidad m\u00e1xima en cuanto al n\u00famero de trabajadores a los que podemos ayudar cada semana.  Para aumentar nuestros servicios, necesitamos ampliar nuestra organizaci\u00f3n.  Por favor, considere hacer una donaci\u00f3n para apoyar nuestra visi\u00f3n.<\/p>\n<p>Tambi\u00e9n quiero darles las gracias por ayudarme a hacer realidad mi mayor sue\u00f1o. Un correo electr\u00f3nico no puede expresar mi verdadero agradecimiento a todos los que me han mostrado su apoyo y a la fundaci\u00f3n del Centro de Derechos Laborales. Estoy muy agradecida por la organizaci\u00f3n que hemos creado y orgullosa de lo que el Centro de Derechos Laborales ha hecho.  \u00a1Sigamos construyendo el sue\u00f1o en 2015!<\/p>\n<p>Atentamente,<\/p>\n<p>Daniela Urban<br \/>\nDirectora Ejecutiva<\/p>\n<h2><span style=\"color: #fab171;\">Highlights from 2014<\/span><\/h2>\n<h2><a href=\"https:\/\/www.rightscenter.org\/wp-content\/uploads\/L-M-D-Photo.png\"><img loading=\"lazy\" decoding=\"async\" class=\"alignnone  wp-image-1565\" alt=\"Worker Appreciation Party\" src=\"\/wp-content\/uploads\/L-M-D-Photo.png\" width=\"980\" height=\"645\" \/><\/a><\/h2>\n<p><b>Worker Appreciation Party<\/b><\/p>\n<p><b>December 10, 2014<\/b><\/p>\n<p>Pictured: Mariko Yoshihara (Board Chair), Lawrance Bohm (Founding Sponsor), and Daniela Urban (Executive Director)<\/p>\n<p>&nbsp;<\/p>\n<p><a href=\"https:\/\/www.rightscenter.org\/wp-content\/uploads\/Workers-Rights-Clinic-Sign-Feature-e1420071040408.jpg\"><img loading=\"lazy\" decoding=\"async\" class=\"alignnone size-large wp-image-1472\" alt=\"Workers' Rights Clinic Sign Feature\" src=\"https:\/\/www.rightscenter.org\/wp-content\/uploads\/Workers-Rights-Clinic-Sign-Feature-e1420071040408.jpg\" width=\"980\" height=\"400\" srcset=\"https:\/\/www.rightscenter.org\/wp-content\/uploads\/Workers-Rights-Clinic-Sign-Feature-e1420071040408-980x401.jpg 980w, https:\/\/www.rightscenter.org\/wp-content\/uploads\/Workers-Rights-Clinic-Sign-Feature-e1420071040408-480x196.jpg 480w\" sizes=\"auto, (min-width: 0px) and (max-width: 480px) 480px, (min-width: 481px) and (max-width: 980px) 980px, 100vw\" \/><\/a><\/p>\n<p><strong>Opening of the Workers&#8217; Rights Clinic in Davis<\/strong><\/p>\n<p>September 24, 2014<\/p>\n<p><a href=\"https:\/\/www.rightscenter.org\/wp-content\/uploads\/2014-09-16-10.08.59-e1414778947504.jpg\"><img loading=\"lazy\" decoding=\"async\" class=\"alignnone size-large wp-image-1451\" alt=\"First Hearing (And Win)\" src=\"https:\/\/www.rightscenter.org\/wp-content\/uploads\/2014-09-16-10.08.59-e1414778947504.jpg\" width=\"980\" height=\"731\" srcset=\"https:\/\/www.rightscenter.org\/wp-content\/uploads\/2014-09-16-10.08.59-e1414778947504-980x732.jpg 980w, https:\/\/www.rightscenter.org\/wp-content\/uploads\/2014-09-16-10.08.59-e1414778947504-480x358.jpg 480w\" sizes=\"auto, (min-width: 0px) and (max-width: 480px) 480px, (min-width: 481px) and (max-width: 980px) 980px, 100vw\" \/><\/a><\/p>\n<p><strong>Our First Hearing (And Win!)<\/strong><\/p>\n<p>September 16, 2014<\/p>\n<p>Pictured: Anna Ratner (Clinic Student Director) and Client.<\/p>\n<p><a href=\"https:\/\/www.rightscenter.org\/wp-content\/uploads\/Inaugural-Celebration-Aug-20.png\"><img loading=\"lazy\" decoding=\"async\" class=\"alignnone size-large wp-image-1569\" alt=\"Inaugural-Celebration-Aug-20\" src=\"https:\/\/www.rightscenter.org\/wp-content\/uploads\/Inaugural-Celebration-Aug-20.png\" width=\"980\" height=\"603\" \/><\/a><\/p>\n<p><strong>Inaugural Celebration<\/strong><\/p>\n<p>August 20, 2014<\/p>","protected":false},"excerpt":{"rendered":"<p>Dear\u00a0Friends, I am sad to see 2014 come to a close. \u00a0In this year, the Center for Workers&#8217; Rights went from a dream to a respected legal service organization. Since opening in September, we&#8217;ve assisted\u00a075 workers\u00a0with their workplace issues,\u00a0won 100% of our administrative hearings, trained\u00a013 law student advocates, involved\u00a014 volunteer attorneys, and held\u00a05 workers&#8217; rights [&hellip;]<\/p>\n","protected":false},"author":12,"featured_media":1571,"comment_status":"closed","ping_status":"open","sticky":false,"template":"","format":"standard","meta":{"_et_pb_use_builder":"","_et_pb_old_content":"","_et_gb_content_width":"","inline_featured_image":false,"_monsterinsights_skip_tracking":false,"_monsterinsights_sitenote_active":false,"_monsterinsights_sitenote_note":"","_monsterinsights_sitenote_category":0,"footnotes":""},"categories":[11,23],"tags":[],"class_list":["post-1566","post","type-post","status-publish","format-standard","has-post-thumbnail","hentry","category-blog","category-news"],"yoast_head":"<!-- This site is optimized with the Yoast SEO plugin v27.2 - https:\/\/yoast.com\/product\/yoast-seo-wordpress\/ -->\n<title>2014 - A Year We Will Remember | Center for Workers&#039; Rights<\/title>\n<meta name=\"robots\" content=\"index, follow, max-snippet:-1, max-image-preview:large, max-video-preview:-1\" \/>\n<link rel=\"canonical\" href=\"https:\/\/www.rightscenter.org\/es\/news\/2014-a-year-we-will-remember\/\" \/>\n<meta property=\"og:locale\" content=\"es_ES\" \/>\n<meta property=\"og:type\" content=\"article\" \/>\n<meta property=\"og:title\" content=\"2014 - A Year We Will Remember | Center for Workers&#039; Rights\" \/>\n<meta property=\"og:description\" content=\"Dear\u00a0Friends, I am sad to see 2014 come to a close. \u00a0In this year, the Center for Workers&#8217; Rights went from a dream to a respected legal service organization. Since opening in September, we&#8217;ve assisted\u00a075 workers\u00a0with their workplace issues,\u00a0won 100% of our administrative hearings, trained\u00a013 law student advocates, involved\u00a014 volunteer attorneys, and held\u00a05 workers&#8217; rights [&hellip;]\" \/>\n<meta property=\"og:url\" content=\"https:\/\/www.rightscenter.org\/es\/news\/2014-a-year-we-will-remember\/\" \/>\n<meta property=\"og:site_name\" content=\"Center for Workers&#039; Rights\" \/>\n<meta property=\"article:published_time\" content=\"2015-01-01T00:22:56+00:00\" \/>\n<meta property=\"article:modified_time\" content=\"2023-03-28T14:39:22+00:00\" \/>\n<meta property=\"og:image\" content=\"https:\/\/www.rightscenter.org\/wp-content\/uploads\/LDM-Feature.jpg\" \/>\n\t<meta property=\"og:image:width\" content=\"2200\" \/>\n\t<meta property=\"og:image:height\" content=\"900\" \/>\n\t<meta property=\"og:image:type\" content=\"image\/jpeg\" \/>\n<meta name=\"author\" content=\"Center for Workers&#039; Rights\" \/>\n<meta name=\"twitter:card\" content=\"summary_large_image\" \/>\n<script type=\"application\/ld+json\" class=\"yoast-schema-graph\">{\"@context\":\"https:\/\/schema.org\",\"@graph\":[{\"@type\":\"Article\",\"@id\":\"https:\/\/www.rightscenter.org\/news\/2014-a-year-we-will-remember\/#article\",\"isPartOf\":{\"@id\":\"https:\/\/www.rightscenter.org\/news\/2014-a-year-we-will-remember\/\"},\"author\":{\"name\":\"Center for Workers' Rights\",\"@id\":\"https:\/\/www.rightscenter.org\/#\/schema\/person\/f0d259dee9fa74cd38a28c66ddb3893d\"},\"headline\":\"2014 &#8211; A Year We Will Remember\",\"datePublished\":\"2015-01-01T00:22:56+00:00\",\"dateModified\":\"2023-03-28T14:39:22+00:00\",\"mainEntityOfPage\":{\"@id\":\"https:\/\/www.rightscenter.org\/news\/2014-a-year-we-will-remember\/\"},\"wordCount\":288,\"image\":{\"@id\":\"https:\/\/www.rightscenter.org\/news\/2014-a-year-we-will-remember\/#primaryimage\"},\"thumbnailUrl\":\"https:\/\/www.rightscenter.org\/wp-content\/uploads\/LDM-Feature.jpg\",\"articleSection\":[\"Blog\",\"News\"],\"inLanguage\":\"es\"},{\"@type\":\"WebPage\",\"@id\":\"https:\/\/www.rightscenter.org\/news\/2014-a-year-we-will-remember\/\",\"url\":\"https:\/\/www.rightscenter.org\/news\/2014-a-year-we-will-remember\/\",\"name\":\"2014 - A Year We Will Remember | Center for Workers&#039; Rights\",\"isPartOf\":{\"@id\":\"https:\/\/www.rightscenter.org\/#website\"},\"primaryImageOfPage\":{\"@id\":\"https:\/\/www.rightscenter.org\/news\/2014-a-year-we-will-remember\/#primaryimage\"},\"image\":{\"@id\":\"https:\/\/www.rightscenter.org\/news\/2014-a-year-we-will-remember\/#primaryimage\"},\"thumbnailUrl\":\"https:\/\/www.rightscenter.org\/wp-content\/uploads\/LDM-Feature.jpg\",\"datePublished\":\"2015-01-01T00:22:56+00:00\",\"dateModified\":\"2023-03-28T14:39:22+00:00\",\"author\":{\"@id\":\"https:\/\/www.rightscenter.org\/#\/schema\/person\/f0d259dee9fa74cd38a28c66ddb3893d\"},\"breadcrumb\":{\"@id\":\"https:\/\/www.rightscenter.org\/news\/2014-a-year-we-will-remember\/#breadcrumb\"},\"inLanguage\":\"es\",\"potentialAction\":[{\"@type\":\"ReadAction\",\"target\":[\"https:\/\/www.rightscenter.org\/news\/2014-a-year-we-will-remember\/\"]}]},{\"@type\":\"ImageObject\",\"inLanguage\":\"es\",\"@id\":\"https:\/\/www.rightscenter.org\/news\/2014-a-year-we-will-remember\/#primaryimage\",\"url\":\"https:\/\/www.rightscenter.org\/wp-content\/uploads\/LDM-Feature.jpg\",\"contentUrl\":\"https:\/\/www.rightscenter.org\/wp-content\/uploads\/LDM-Feature.jpg\",\"width\":2200,\"height\":900},{\"@type\":\"BreadcrumbList\",\"@id\":\"https:\/\/www.rightscenter.org\/news\/2014-a-year-we-will-remember\/#breadcrumb\",\"itemListElement\":[{\"@type\":\"ListItem\",\"position\":1,\"name\":\"Home\",\"item\":\"https:\/\/www.rightscenter.org\/\"},{\"@type\":\"ListItem\",\"position\":2,\"name\":\"Blog\",\"item\":\"https:\/\/www.rightscenter.org\/news\/category\/blog\/\"},{\"@type\":\"ListItem\",\"position\":3,\"name\":\"2014 &#8211; A Year We Will Remember\"}]},{\"@type\":\"WebSite\",\"@id\":\"https:\/\/www.rightscenter.org\/#website\",\"url\":\"https:\/\/www.rightscenter.org\/\",\"name\":\"Center for Workers&#039; Rights\",\"description\":\"\",\"potentialAction\":[{\"@type\":\"SearchAction\",\"target\":{\"@type\":\"EntryPoint\",\"urlTemplate\":\"https:\/\/www.rightscenter.org\/?s={search_term_string}\"},\"query-input\":{\"@type\":\"PropertyValueSpecification\",\"valueRequired\":true,\"valueName\":\"search_term_string\"}}],\"inLanguage\":\"es\"},{\"@type\":\"Person\",\"@id\":\"https:\/\/www.rightscenter.org\/#\/schema\/person\/f0d259dee9fa74cd38a28c66ddb3893d\",\"name\":\"Center for Workers' Rights\"}]}<\/script>\n<!-- \/ Yoast SEO plugin. -->","yoast_head_json":{"title":"2014 - A Year We Will Remember | Center for Workers&#039; Rights","robots":{"index":"index","follow":"follow","max-snippet":"max-snippet:-1","max-image-preview":"max-image-preview:large","max-video-preview":"max-video-preview:-1"},"canonical":"https:\/\/www.rightscenter.org\/es\/news\/2014-a-year-we-will-remember\/","og_locale":"es_ES","og_type":"article","og_title":"2014 - A Year We Will Remember | Center for Workers&#039; Rights","og_description":"Dear\u00a0Friends, I am sad to see 2014 come to a close. \u00a0In this year, the Center for Workers&#8217; Rights went from a dream to a respected legal service organization. Since opening in September, we&#8217;ve assisted\u00a075 workers\u00a0with their workplace issues,\u00a0won 100% of our administrative hearings, trained\u00a013 law student advocates, involved\u00a014 volunteer attorneys, and held\u00a05 workers&#8217; rights [&hellip;]","og_url":"https:\/\/www.rightscenter.org\/es\/news\/2014-a-year-we-will-remember\/","og_site_name":"Center for Workers&#039; Rights","article_published_time":"2015-01-01T00:22:56+00:00","article_modified_time":"2023-03-28T14:39:22+00:00","og_image":[{"width":2200,"height":900,"url":"https:\/\/www.rightscenter.org\/wp-content\/uploads\/LDM-Feature.jpg","type":"image\/jpeg"}],"author":"Center for Workers' Rights","twitter_card":"summary_large_image","schema":{"@context":"https:\/\/schema.org","@graph":[{"@type":"Article","@id":"https:\/\/www.rightscenter.org\/news\/2014-a-year-we-will-remember\/#article","isPartOf":{"@id":"https:\/\/www.rightscenter.org\/news\/2014-a-year-we-will-remember\/"},"author":{"name":"Center for Workers' Rights","@id":"https:\/\/www.rightscenter.org\/#\/schema\/person\/f0d259dee9fa74cd38a28c66ddb3893d"},"headline":"2014 &#8211; A Year We Will Remember","datePublished":"2015-01-01T00:22:56+00:00","dateModified":"2023-03-28T14:39:22+00:00","mainEntityOfPage":{"@id":"https:\/\/www.rightscenter.org\/news\/2014-a-year-we-will-remember\/"},"wordCount":288,"image":{"@id":"https:\/\/www.rightscenter.org\/news\/2014-a-year-we-will-remember\/#primaryimage"},"thumbnailUrl":"https:\/\/www.rightscenter.org\/wp-content\/uploads\/LDM-Feature.jpg","articleSection":["Blog","News"],"inLanguage":"es"},{"@type":"WebPage","@id":"https:\/\/www.rightscenter.org\/news\/2014-a-year-we-will-remember\/","url":"https:\/\/www.rightscenter.org\/news\/2014-a-year-we-will-remember\/","name":"2014 - A Year We Will Remember | Center for Workers&#039; Rights","isPartOf":{"@id":"https:\/\/www.rightscenter.org\/#website"},"primaryImageOfPage":{"@id":"https:\/\/www.rightscenter.org\/news\/2014-a-year-we-will-remember\/#primaryimage"},"image":{"@id":"https:\/\/www.rightscenter.org\/news\/2014-a-year-we-will-remember\/#primaryimage"},"thumbnailUrl":"https:\/\/www.rightscenter.org\/wp-content\/uploads\/LDM-Feature.jpg","datePublished":"2015-01-01T00:22:56+00:00","dateModified":"2023-03-28T14:39:22+00:00","author":{"@id":"https:\/\/www.rightscenter.org\/#\/schema\/person\/f0d259dee9fa74cd38a28c66ddb3893d"},"breadcrumb":{"@id":"https:\/\/www.rightscenter.org\/news\/2014-a-year-we-will-remember\/#breadcrumb"},"inLanguage":"es","potentialAction":[{"@type":"ReadAction","target":["https:\/\/www.rightscenter.org\/news\/2014-a-year-we-will-remember\/"]}]},{"@type":"ImageObject","inLanguage":"es","@id":"https:\/\/www.rightscenter.org\/news\/2014-a-year-we-will-remember\/#primaryimage","url":"https:\/\/www.rightscenter.org\/wp-content\/uploads\/LDM-Feature.jpg","contentUrl":"https:\/\/www.rightscenter.org\/wp-content\/uploads\/LDM-Feature.jpg","width":2200,"height":900},{"@type":"BreadcrumbList","@id":"https:\/\/www.rightscenter.org\/news\/2014-a-year-we-will-remember\/#breadcrumb","itemListElement":[{"@type":"ListItem","position":1,"name":"Home","item":"https:\/\/www.rightscenter.org\/"},{"@type":"ListItem","position":2,"name":"Blog","item":"https:\/\/www.rightscenter.org\/news\/category\/blog\/"},{"@type":"ListItem","position":3,"name":"2014 &#8211; A Year We Will Remember"}]},{"@type":"WebSite","@id":"https:\/\/www.rightscenter.org\/#website","url":"https:\/\/www.rightscenter.org\/","name":"Center for Workers&#039; Rights","description":"","potentialAction":[{"@type":"SearchAction","target":{"@type":"EntryPoint","urlTemplate":"https:\/\/www.rightscenter.org\/?s={search_term_string}"},"query-input":{"@type":"PropertyValueSpecification","valueRequired":true,"valueName":"search_term_string"}}],"inLanguage":"es"},{"@type":"Person","@id":"https:\/\/www.rightscenter.org\/#\/schema\/person\/f0d259dee9fa74cd38a28c66ddb3893d","name":"Center for Workers' Rights"}]}},"_links":{"self":[{"href":"https:\/\/www.rightscenter.org\/es\/wp-json\/wp\/v2\/posts\/1566","targetHints":{"allow":["GET"]}}],"collection":[{"href":"https:\/\/www.rightscenter.org\/es\/wp-json\/wp\/v2\/posts"}],"about":[{"href":"https:\/\/www.rightscenter.org\/es\/wp-json\/wp\/v2\/types\/post"}],"author":[{"embeddable":true,"href":"https:\/\/www.rightscenter.org\/es\/wp-json\/wp\/v2\/users\/12"}],"replies":[{"embeddable":true,"href":"https:\/\/www.rightscenter.org\/es\/wp-json\/wp\/v2\/comments?post=1566"}],"version-history":[{"count":0,"href":"https:\/\/www.rightscenter.org\/es\/wp-json\/wp\/v2\/posts\/1566\/revisions"}],"wp:featuredmedia":[{"embeddable":true,"href":"https:\/\/www.rightscenter.org\/es\/wp-json\/wp\/v2\/media\/1571"}],"wp:attachment":[{"href":"https:\/\/www.rightscenter.org\/es\/wp-json\/wp\/v2\/media?parent=1566"}],"wp:term":[{"taxonomy":"category","embeddable":true,"href":"https:\/\/www.rightscenter.org\/es\/wp-json\/wp\/v2\/categories?post=1566"},{"taxonomy":"post_tag","embeddable":true,"href":"https:\/\/www.rightscenter.org\/es\/wp-json\/wp\/v2\/tags?post=1566"}],"curies":[{"name":"wp","href":"https:\/\/api.w.org\/{rel}","templated":true}]}}