{"id":1680,"date":"2015-04-13T14:57:39","date_gmt":"2015-04-13T21:57:39","guid":{"rendered":"\/?p=1680"},"modified":"2023-08-28T16:18:17","modified_gmt":"2023-08-28T23:18:17","slug":"solano-county-immigrant-workers-rights-day","status":"publish","type":"post","link":"https:\/\/www.rightscenter.org\/es\/news\/solano-county-immigrant-workers-rights-day\/","title":{"rendered":"D\u00eda de los Derechos Laborales de los Inmigrantes del Condado de Solano"},"content":{"rendered":"<p>El Centro de Derechos Laborales\u00a0 y la Fundaci\u00f3n de Asistencia Legal Rural de California (CRLAF) celebraron el primer D\u00eda de los Derechos de los Trabajadores Inmigrantes del Condado de Solano el domingo 12 de abril de 2015 en el IBEW 1245 Union Hall en Vacaville, CA. El evento, que dur\u00f3 todo el d\u00eda, consisti\u00f3 en una serie de talleres para conocer sus derechos en \u00e1reas como, inmigraci\u00f3n, derechos de los trabajadores y derechos de los inquilinos. Hubo abogados disponibles para proveer consultas legales individuales. Todos los servicios se prestaron de forma gratuita y en espa\u00f1ol.<\/p>\n<p>Los abogados de California proporcionaron informaci\u00f3n sobre c\u00f3mo los inmigrantes pueden obtener una licencia de conducir, y c\u00f3mo utilizar la nueva Acci\u00f3n Diferida para Padres de Estadounidenses y Residentes Permanentes Legales (DAPA) y la ampliada Acci\u00f3n Diferida para los Llegados en la Infancia (DACA).<\/p>\n<p>Las violaciones de las leyes laborales est\u00e1n especialmente extendidas en las comunidades de inmigrantes, a pesar de que la mayor\u00eda de las protecciones laborales se aplican a los trabajadores independientemente de su estatus migratorio. \"Necesit\u00e1bamos concienciar a todos los trabajadores sobre las normas laborales m\u00ednimas de California para ayudar a proteger estos derechos humanos b\u00e1sicos\", afirma la directora ejecutiva del Centro de Derechos Laborales, Daniela Urban. El D\u00eda de los Derechos de los Trabajadores Inmigrantes del Condado de Solano proporcion\u00f3 a los trabajadores informaci\u00f3n sobre los derechos laborales y asesor\u00f3 individualmente a los trabajadores sobre cuestiones en el lugar de trabajo.<\/p>\n<p>Los trabajadores tambi\u00e9n obtuvieron informaci\u00f3n sobre cuestiones de vivienda, prestaciones p\u00fablicas y derecho de la tercera edad. El condado de Solano carece de recursos legales suficientes para los residentes inmigrantes con salarios bajos, por lo que el D\u00eda de los Derechos de los Trabajadores Inmigrantes del condado de Solano fue una oportunidad importante para que los residentes conocieran sus derechos.<\/p>\n<p><a href=\"https:\/\/www.rightscenter.org\/wp-content\/uploads\/solano-2.jpg\"><img loading=\"lazy\" decoding=\"async\" class=\"alignnone size-medium wp-image-1683\" src=\"https:\/\/www.rightscenter.org\/wp-content\/uploads\/solano-2.jpg\" alt=\"solano 2\" width=\"300\" height=\"250\" \/><\/a><img loading=\"lazy\" decoding=\"async\" class=\"alignnone size-medium wp-image-1682\" src=\"https:\/\/www.rightscenter.org\/wp-content\/uploads\/FullSizeRender.jpg\" alt=\"Solano 3\" width=\"300\" height=\"230\" \/><a href=\"https:\/\/www.rightscenter.org\/wp-content\/uploads\/solano-1.jpg\"><img loading=\"lazy\" decoding=\"async\" class=\"alignnone size-medium wp-image-1684\" src=\"https:\/\/www.rightscenter.org\/wp-content\/uploads\/solano-1.jpg\" alt=\"solano 1\" width=\"300\" height=\"225\" \/><\/a><\/p>\n<p><span style=\"text-decoration: underline;\">Patrocinadores y Organizaciones de Apoyo:<\/span>:<br \/>\nCalifornia Rural Legal Assistance Foundation<br \/>\nCentro de Derechos Laborales<br \/>\nOakland Centro Legal de la Raza<br \/>\nInternational Brotherhood of Electrician Workers Local 1245<br \/>\nLegal Services of Northern California<br \/>\nDepartment of Fair Employment and Housing<br \/>\nEqual Employment Opportunities Commission<br \/>\nMexican Consulate<br \/>\nAgricultural Labor Relations Board<br \/>\nCalifornia Rural Legal Assistance, Inc.<br \/>\nWorksafe<\/p>","protected":false},"excerpt":{"rendered":"<p>The Center for Workers\u2019 Rights and the California Rural Legal Assistance Foundation (CRLAF) held the first Solano County Immigrant Workers\u2019 Rights Day on Sunday, April 12, 2015 at IBEW 1245 Union Hall in Vacaville, CA. The day-long event consisted of a series of know your rights workshops on areas such as, immigration, workers\u2019 rights, and [&hellip;]<\/p>\n","protected":false},"author":12,"featured_media":1585,"comment_status":"closed","ping_status":"open","sticky":false,"template":"","format":"standard","meta":{"_et_pb_use_builder":"","_et_pb_old_content":"","_et_gb_content_width":"","inline_featured_image":false,"_monsterinsights_skip_tracking":false,"_monsterinsights_sitenote_active":false,"_monsterinsights_sitenote_note":"","_monsterinsights_sitenote_category":0,"footnotes":""},"categories":[11,34,24],"tags":[],"class_list":["post-1680","post","type-post","status-publish","format-standard","has-post-thumbnail","hentry","category-blog","category-community","category-rights"],"yoast_head":"<!-- This site is optimized with the Yoast SEO plugin v27.2 - https:\/\/yoast.com\/product\/yoast-seo-wordpress\/ -->\n<title>Solano County Immigrant Workers\u2019 Rights Day | Center for Workers&#039; Rights<\/title>\n<meta name=\"robots\" content=\"index, follow, max-snippet:-1, max-image-preview:large, max-video-preview:-1\" \/>\n<link rel=\"canonical\" href=\"https:\/\/www.rightscenter.org\/es\/news\/solano-county-immigrant-workers-rights-day\/\" \/>\n<meta property=\"og:locale\" content=\"es_ES\" \/>\n<meta property=\"og:type\" content=\"article\" \/>\n<meta property=\"og:title\" content=\"Solano County Immigrant Workers\u2019 Rights Day | Center for Workers&#039; Rights\" \/>\n<meta property=\"og:description\" content=\"The Center for Workers\u2019 Rights and the California Rural Legal Assistance Foundation (CRLAF) held the first Solano County Immigrant Workers\u2019 Rights Day on Sunday, April 12, 2015 at IBEW 1245 Union Hall in Vacaville, CA. The day-long event consisted of a series of know your rights workshops on areas such as, immigration, workers\u2019 rights, and [&hellip;]\" \/>\n<meta property=\"og:url\" content=\"https:\/\/www.rightscenter.org\/es\/news\/solano-county-immigrant-workers-rights-day\/\" \/>\n<meta property=\"og:site_name\" content=\"Center for Workers&#039; Rights\" \/>\n<meta property=\"article:published_time\" content=\"2015-04-13T21:57:39+00:00\" \/>\n<meta property=\"article:modified_time\" content=\"2023-08-28T23:18:17+00:00\" \/>\n<meta property=\"og:image\" content=\"https:\/\/www.rightscenter.org\/wp-content\/uploads\/Solano-day-artwork.jpg\" \/>\n\t<meta property=\"og:image:width\" content=\"2200\" \/>\n\t<meta property=\"og:image:height\" content=\"900\" \/>\n\t<meta property=\"og:image:type\" content=\"image\/jpeg\" \/>\n<meta name=\"author\" content=\"Center for Workers&#039; Rights\" \/>\n<meta name=\"twitter:card\" content=\"summary_large_image\" \/>\n<script type=\"application\/ld+json\" class=\"yoast-schema-graph\">{\"@context\":\"https:\/\/schema.org\",\"@graph\":[{\"@type\":\"Article\",\"@id\":\"https:\/\/www.rightscenter.org\/news\/solano-county-immigrant-workers-rights-day\/#article\",\"isPartOf\":{\"@id\":\"https:\/\/www.rightscenter.org\/news\/solano-county-immigrant-workers-rights-day\/\"},\"author\":{\"name\":\"Center for Workers' Rights\",\"@id\":\"https:\/\/www.rightscenter.org\/#\/schema\/person\/885acadbf2ee44e79d7820e250572ee8\"},\"headline\":\"Solano County Immigrant Workers\u2019 Rights Day\",\"datePublished\":\"2015-04-13T21:57:39+00:00\",\"dateModified\":\"2023-08-28T23:18:17+00:00\",\"mainEntityOfPage\":{\"@id\":\"https:\/\/www.rightscenter.org\/news\/solano-county-immigrant-workers-rights-day\/\"},\"wordCount\":284,\"image\":{\"@id\":\"https:\/\/www.rightscenter.org\/news\/solano-county-immigrant-workers-rights-day\/#primaryimage\"},\"thumbnailUrl\":\"https:\/\/www.rightscenter.org\/wp-content\/uploads\/Solano-day-artwork.jpg\",\"articleSection\":[\"Blog\",\"community\",\"Rights\"],\"inLanguage\":\"es\"},{\"@type\":\"WebPage\",\"@id\":\"https:\/\/www.rightscenter.org\/news\/solano-county-immigrant-workers-rights-day\/\",\"url\":\"https:\/\/www.rightscenter.org\/news\/solano-county-immigrant-workers-rights-day\/\",\"name\":\"Solano County Immigrant Workers\u2019 Rights Day | Center for Workers&#039; Rights\",\"isPartOf\":{\"@id\":\"https:\/\/www.rightscenter.org\/#website\"},\"primaryImageOfPage\":{\"@id\":\"https:\/\/www.rightscenter.org\/news\/solano-county-immigrant-workers-rights-day\/#primaryimage\"},\"image\":{\"@id\":\"https:\/\/www.rightscenter.org\/news\/solano-county-immigrant-workers-rights-day\/#primaryimage\"},\"thumbnailUrl\":\"https:\/\/www.rightscenter.org\/wp-content\/uploads\/Solano-day-artwork.jpg\",\"datePublished\":\"2015-04-13T21:57:39+00:00\",\"dateModified\":\"2023-08-28T23:18:17+00:00\",\"author\":{\"@id\":\"https:\/\/www.rightscenter.org\/#\/schema\/person\/885acadbf2ee44e79d7820e250572ee8\"},\"breadcrumb\":{\"@id\":\"https:\/\/www.rightscenter.org\/news\/solano-county-immigrant-workers-rights-day\/#breadcrumb\"},\"inLanguage\":\"es\",\"potentialAction\":[{\"@type\":\"ReadAction\",\"target\":[\"https:\/\/www.rightscenter.org\/news\/solano-county-immigrant-workers-rights-day\/\"]}]},{\"@type\":\"ImageObject\",\"inLanguage\":\"es\",\"@id\":\"https:\/\/www.rightscenter.org\/news\/solano-county-immigrant-workers-rights-day\/#primaryimage\",\"url\":\"https:\/\/www.rightscenter.org\/wp-content\/uploads\/Solano-day-artwork.jpg\",\"contentUrl\":\"https:\/\/www.rightscenter.org\/wp-content\/uploads\/Solano-day-artwork.jpg\",\"width\":2200,\"height\":900},{\"@type\":\"BreadcrumbList\",\"@id\":\"https:\/\/www.rightscenter.org\/news\/solano-county-immigrant-workers-rights-day\/#breadcrumb\",\"itemListElement\":[{\"@type\":\"ListItem\",\"position\":1,\"name\":\"Home\",\"item\":\"https:\/\/www.rightscenter.org\/\"},{\"@type\":\"ListItem\",\"position\":2,\"name\":\"community\",\"item\":\"https:\/\/www.rightscenter.org\/news\/category\/community\/\"},{\"@type\":\"ListItem\",\"position\":3,\"name\":\"Solano County Immigrant Workers\u2019 Rights Day\"}]},{\"@type\":\"WebSite\",\"@id\":\"https:\/\/www.rightscenter.org\/#website\",\"url\":\"https:\/\/www.rightscenter.org\/\",\"name\":\"Center for Workers&#039; Rights\",\"description\":\"\",\"potentialAction\":[{\"@type\":\"SearchAction\",\"target\":{\"@type\":\"EntryPoint\",\"urlTemplate\":\"https:\/\/www.rightscenter.org\/?s={search_term_string}\"},\"query-input\":{\"@type\":\"PropertyValueSpecification\",\"valueRequired\":true,\"valueName\":\"search_term_string\"}}],\"inLanguage\":\"es\"},{\"@type\":\"Person\",\"@id\":\"https:\/\/www.rightscenter.org\/#\/schema\/person\/885acadbf2ee44e79d7820e250572ee8\",\"name\":\"Center for Workers' Rights\"}]}<\/script>\n<!-- \/ Yoast SEO plugin. -->","yoast_head_json":{"title":"Solano County Immigrant Workers\u2019 Rights Day | Center for Workers&#039; Rights","robots":{"index":"index","follow":"follow","max-snippet":"max-snippet:-1","max-image-preview":"max-image-preview:large","max-video-preview":"max-video-preview:-1"},"canonical":"https:\/\/www.rightscenter.org\/es\/news\/solano-county-immigrant-workers-rights-day\/","og_locale":"es_ES","og_type":"article","og_title":"Solano County Immigrant Workers\u2019 Rights Day | Center for Workers&#039; Rights","og_description":"The Center for Workers\u2019 Rights and the California Rural Legal Assistance Foundation (CRLAF) held the first Solano County Immigrant Workers\u2019 Rights Day on Sunday, April 12, 2015 at IBEW 1245 Union Hall in Vacaville, CA. The day-long event consisted of a series of know your rights workshops on areas such as, immigration, workers\u2019 rights, and [&hellip;]","og_url":"https:\/\/www.rightscenter.org\/es\/news\/solano-county-immigrant-workers-rights-day\/","og_site_name":"Center for Workers&#039; Rights","article_published_time":"2015-04-13T21:57:39+00:00","article_modified_time":"2023-08-28T23:18:17+00:00","og_image":[{"width":2200,"height":900,"url":"https:\/\/www.rightscenter.org\/wp-content\/uploads\/Solano-day-artwork.jpg","type":"image\/jpeg"}],"author":"Center for Workers' Rights","twitter_card":"summary_large_image","schema":{"@context":"https:\/\/schema.org","@graph":[{"@type":"Article","@id":"https:\/\/www.rightscenter.org\/news\/solano-county-immigrant-workers-rights-day\/#article","isPartOf":{"@id":"https:\/\/www.rightscenter.org\/news\/solano-county-immigrant-workers-rights-day\/"},"author":{"name":"Center for Workers' Rights","@id":"https:\/\/www.rightscenter.org\/#\/schema\/person\/885acadbf2ee44e79d7820e250572ee8"},"headline":"Solano County Immigrant Workers\u2019 Rights Day","datePublished":"2015-04-13T21:57:39+00:00","dateModified":"2023-08-28T23:18:17+00:00","mainEntityOfPage":{"@id":"https:\/\/www.rightscenter.org\/news\/solano-county-immigrant-workers-rights-day\/"},"wordCount":284,"image":{"@id":"https:\/\/www.rightscenter.org\/news\/solano-county-immigrant-workers-rights-day\/#primaryimage"},"thumbnailUrl":"https:\/\/www.rightscenter.org\/wp-content\/uploads\/Solano-day-artwork.jpg","articleSection":["Blog","community","Rights"],"inLanguage":"es"},{"@type":"WebPage","@id":"https:\/\/www.rightscenter.org\/news\/solano-county-immigrant-workers-rights-day\/","url":"https:\/\/www.rightscenter.org\/news\/solano-county-immigrant-workers-rights-day\/","name":"Solano County Immigrant Workers\u2019 Rights Day | Center for Workers&#039; Rights","isPartOf":{"@id":"https:\/\/www.rightscenter.org\/#website"},"primaryImageOfPage":{"@id":"https:\/\/www.rightscenter.org\/news\/solano-county-immigrant-workers-rights-day\/#primaryimage"},"image":{"@id":"https:\/\/www.rightscenter.org\/news\/solano-county-immigrant-workers-rights-day\/#primaryimage"},"thumbnailUrl":"https:\/\/www.rightscenter.org\/wp-content\/uploads\/Solano-day-artwork.jpg","datePublished":"2015-04-13T21:57:39+00:00","dateModified":"2023-08-28T23:18:17+00:00","author":{"@id":"https:\/\/www.rightscenter.org\/#\/schema\/person\/885acadbf2ee44e79d7820e250572ee8"},"breadcrumb":{"@id":"https:\/\/www.rightscenter.org\/news\/solano-county-immigrant-workers-rights-day\/#breadcrumb"},"inLanguage":"es","potentialAction":[{"@type":"ReadAction","target":["https:\/\/www.rightscenter.org\/news\/solano-county-immigrant-workers-rights-day\/"]}]},{"@type":"ImageObject","inLanguage":"es","@id":"https:\/\/www.rightscenter.org\/news\/solano-county-immigrant-workers-rights-day\/#primaryimage","url":"https:\/\/www.rightscenter.org\/wp-content\/uploads\/Solano-day-artwork.jpg","contentUrl":"https:\/\/www.rightscenter.org\/wp-content\/uploads\/Solano-day-artwork.jpg","width":2200,"height":900},{"@type":"BreadcrumbList","@id":"https:\/\/www.rightscenter.org\/news\/solano-county-immigrant-workers-rights-day\/#breadcrumb","itemListElement":[{"@type":"ListItem","position":1,"name":"Home","item":"https:\/\/www.rightscenter.org\/"},{"@type":"ListItem","position":2,"name":"community","item":"https:\/\/www.rightscenter.org\/news\/category\/community\/"},{"@type":"ListItem","position":3,"name":"Solano County Immigrant Workers\u2019 Rights Day"}]},{"@type":"WebSite","@id":"https:\/\/www.rightscenter.org\/#website","url":"https:\/\/www.rightscenter.org\/","name":"Center for Workers&#039; Rights","description":"","potentialAction":[{"@type":"SearchAction","target":{"@type":"EntryPoint","urlTemplate":"https:\/\/www.rightscenter.org\/?s={search_term_string}"},"query-input":{"@type":"PropertyValueSpecification","valueRequired":true,"valueName":"search_term_string"}}],"inLanguage":"es"},{"@type":"Person","@id":"https:\/\/www.rightscenter.org\/#\/schema\/person\/885acadbf2ee44e79d7820e250572ee8","name":"Center for Workers' Rights"}]}},"_links":{"self":[{"href":"https:\/\/www.rightscenter.org\/es\/wp-json\/wp\/v2\/posts\/1680","targetHints":{"allow":["GET"]}}],"collection":[{"href":"https:\/\/www.rightscenter.org\/es\/wp-json\/wp\/v2\/posts"}],"about":[{"href":"https:\/\/www.rightscenter.org\/es\/wp-json\/wp\/v2\/types\/post"}],"author":[{"embeddable":true,"href":"https:\/\/www.rightscenter.org\/es\/wp-json\/wp\/v2\/users\/12"}],"replies":[{"embeddable":true,"href":"https:\/\/www.rightscenter.org\/es\/wp-json\/wp\/v2\/comments?post=1680"}],"version-history":[{"count":0,"href":"https:\/\/www.rightscenter.org\/es\/wp-json\/wp\/v2\/posts\/1680\/revisions"}],"wp:featuredmedia":[{"embeddable":true,"href":"https:\/\/www.rightscenter.org\/es\/wp-json\/wp\/v2\/media\/1585"}],"wp:attachment":[{"href":"https:\/\/www.rightscenter.org\/es\/wp-json\/wp\/v2\/media?parent=1680"}],"wp:term":[{"taxonomy":"category","embeddable":true,"href":"https:\/\/www.rightscenter.org\/es\/wp-json\/wp\/v2\/categories?post=1680"},{"taxonomy":"post_tag","embeddable":true,"href":"https:\/\/www.rightscenter.org\/es\/wp-json\/wp\/v2\/tags?post=1680"}],"curies":[{"name":"wp","href":"https:\/\/api.w.org\/{rel}","templated":true}]}}