{"id":1910,"date":"2018-09-04T15:02:38","date_gmt":"2018-09-04T22:02:38","guid":{"rendered":"\/?p=1910"},"modified":"2023-08-28T16:10:46","modified_gmt":"2023-08-28T23:10:46","slug":"advocating-for-rights-of-all-workers-on-labor-day","status":"publish","type":"post","link":"https:\/\/www.rightscenter.org\/es\/news\/advocating-for-rights-of-all-workers-on-labor-day\/","title":{"rendered":"ABOGAR POR LOS DERECHOS DE TODOS LOS TRABAJADORES EN EL D\u00cdA DEL TRABAJO"},"content":{"rendered":"<p>Una vez m\u00e1s, el Centro de Derechos de los Trabajadores celebr\u00f3 el D\u00eda del Trabajo con miembros sindicales y pol\u00edticos locales en el Picnic del D\u00eda del Trabajo del Consejo Laboral Central de Sacramento que se llev\u00f3 a cabo este a\u00f1o en Fairytale Town en William Land Park.<\/p>\n<p>&nbsp;<\/p>\n<p>Distribuimos informaci\u00f3n sobre los derechos laborales de los trabajadores con salarios bajos y ayudamos a los miembros del sindicato a apreciar los beneficios de sus contratos.  Hablamos con miembros de la comunidad sobre el impacto de los nuevos esfuerzos de aplicaci\u00f3n de la ley de inmigraci\u00f3n han tenido en nuestro trabajo, incluyendo la decisi\u00f3n del Centro de unirse a las redes locales de respuesta r\u00e1pida de inmigraci\u00f3n en los condados de Sacramento y San Joaqu\u00edn.<\/p>\n<p>&nbsp;<\/p>\n<p>Nos unimos al llamamiento de los l\u00edderes sindicales para seguir presionando a los gobernantes para que se haga justicia a las v\u00edctimas de acoso sexual en el lugar de trabajo y se garantice que todos los lugares de trabajo est\u00e9n libres de discriminaci\u00f3n y explotaci\u00f3n.<\/p>","protected":false},"excerpt":{"rendered":"<p>Once again, the Center for Workers\u2019 Rights celebrated Labor Day with union members and local politicians at the Sacramento Central Labor Council\u2019s Labor Day Picnic held this year at Fairytale Town at William Land Park. &nbsp; We distributed information about workplace rights for low-wage workers and helped union members appreciate the benefit of their contracts.\u00a0 [&hellip;]<\/p>\n","protected":false},"author":12,"featured_media":1912,"comment_status":"closed","ping_status":"closed","sticky":false,"template":"","format":"standard","meta":{"_et_pb_use_builder":"","_et_pb_old_content":"","_et_gb_content_width":"","inline_featured_image":false,"_monsterinsights_skip_tracking":false,"_monsterinsights_sitenote_active":false,"_monsterinsights_sitenote_note":"","_monsterinsights_sitenote_category":0,"footnotes":""},"categories":[11,34,23],"tags":[],"class_list":["post-1910","post","type-post","status-publish","format-standard","has-post-thumbnail","hentry","category-blog","category-community","category-news"],"yoast_head":"<!-- This site is optimized with the Yoast SEO plugin v27.2 - https:\/\/yoast.com\/product\/yoast-seo-wordpress\/ -->\n<title>Advocating for Rights of All Workers on Labor Day | Center for Workers&#039; Rights<\/title>\n<meta name=\"robots\" content=\"index, follow, max-snippet:-1, max-image-preview:large, max-video-preview:-1\" \/>\n<link rel=\"canonical\" href=\"https:\/\/www.rightscenter.org\/es\/news\/advocating-for-rights-of-all-workers-on-labor-day\/\" \/>\n<meta property=\"og:locale\" content=\"es_ES\" \/>\n<meta property=\"og:type\" content=\"article\" \/>\n<meta property=\"og:title\" content=\"Advocating for Rights of All Workers on Labor Day | Center for Workers&#039; Rights\" \/>\n<meta property=\"og:description\" content=\"Once again, the Center for Workers\u2019 Rights celebrated Labor Day with union members and local politicians at the Sacramento Central Labor Council\u2019s Labor Day Picnic held this year at Fairytale Town at William Land Park. &nbsp; We distributed information about workplace rights for low-wage workers and helped union members appreciate the benefit of their contracts.\u00a0 [&hellip;]\" \/>\n<meta property=\"og:url\" content=\"https:\/\/www.rightscenter.org\/es\/news\/advocating-for-rights-of-all-workers-on-labor-day\/\" \/>\n<meta property=\"og:site_name\" content=\"Center for Workers&#039; Rights\" \/>\n<meta property=\"article:published_time\" content=\"2018-09-04T22:02:38+00:00\" \/>\n<meta property=\"article:modified_time\" content=\"2023-08-28T23:10:46+00:00\" \/>\n<meta property=\"og:image\" content=\"https:\/\/www.rightscenter.org\/wp-content\/uploads\/2018.9.3-Labor-Day-Picnic.jpg\" \/>\n\t<meta property=\"og:image:width\" content=\"2200\" \/>\n\t<meta property=\"og:image:height\" content=\"900\" \/>\n\t<meta property=\"og:image:type\" content=\"image\/jpeg\" \/>\n<meta name=\"author\" content=\"Center for Workers&#039; Rights\" \/>\n<meta name=\"twitter:card\" content=\"summary_large_image\" \/>\n<script type=\"application\/ld+json\" class=\"yoast-schema-graph\">{\"@context\":\"https:\/\/schema.org\",\"@graph\":[{\"@type\":\"Article\",\"@id\":\"https:\/\/www.rightscenter.org\/news\/advocating-for-rights-of-all-workers-on-labor-day\/#article\",\"isPartOf\":{\"@id\":\"https:\/\/www.rightscenter.org\/news\/advocating-for-rights-of-all-workers-on-labor-day\/\"},\"author\":{\"name\":\"Center for Workers' Rights\",\"@id\":\"https:\/\/www.rightscenter.org\/#\/schema\/person\/f0d259dee9fa74cd38a28c66ddb3893d\"},\"headline\":\"Advocating for Rights of All Workers on Labor Day\",\"datePublished\":\"2018-09-04T22:02:38+00:00\",\"dateModified\":\"2023-08-28T23:10:46+00:00\",\"mainEntityOfPage\":{\"@id\":\"https:\/\/www.rightscenter.org\/news\/advocating-for-rights-of-all-workers-on-labor-day\/\"},\"wordCount\":138,\"image\":{\"@id\":\"https:\/\/www.rightscenter.org\/news\/advocating-for-rights-of-all-workers-on-labor-day\/#primaryimage\"},\"thumbnailUrl\":\"https:\/\/www.rightscenter.org\/wp-content\/uploads\/2018.9.3-Labor-Day-Picnic.jpg\",\"articleSection\":[\"Blog\",\"community\",\"News\"],\"inLanguage\":\"es\"},{\"@type\":\"WebPage\",\"@id\":\"https:\/\/www.rightscenter.org\/news\/advocating-for-rights-of-all-workers-on-labor-day\/\",\"url\":\"https:\/\/www.rightscenter.org\/news\/advocating-for-rights-of-all-workers-on-labor-day\/\",\"name\":\"Advocating for Rights of All Workers on Labor Day | Center for Workers&#039; Rights\",\"isPartOf\":{\"@id\":\"https:\/\/www.rightscenter.org\/#website\"},\"primaryImageOfPage\":{\"@id\":\"https:\/\/www.rightscenter.org\/news\/advocating-for-rights-of-all-workers-on-labor-day\/#primaryimage\"},\"image\":{\"@id\":\"https:\/\/www.rightscenter.org\/news\/advocating-for-rights-of-all-workers-on-labor-day\/#primaryimage\"},\"thumbnailUrl\":\"https:\/\/www.rightscenter.org\/wp-content\/uploads\/2018.9.3-Labor-Day-Picnic.jpg\",\"datePublished\":\"2018-09-04T22:02:38+00:00\",\"dateModified\":\"2023-08-28T23:10:46+00:00\",\"author\":{\"@id\":\"https:\/\/www.rightscenter.org\/#\/schema\/person\/f0d259dee9fa74cd38a28c66ddb3893d\"},\"breadcrumb\":{\"@id\":\"https:\/\/www.rightscenter.org\/news\/advocating-for-rights-of-all-workers-on-labor-day\/#breadcrumb\"},\"inLanguage\":\"es\",\"potentialAction\":[{\"@type\":\"ReadAction\",\"target\":[\"https:\/\/www.rightscenter.org\/news\/advocating-for-rights-of-all-workers-on-labor-day\/\"]}]},{\"@type\":\"ImageObject\",\"inLanguage\":\"es\",\"@id\":\"https:\/\/www.rightscenter.org\/news\/advocating-for-rights-of-all-workers-on-labor-day\/#primaryimage\",\"url\":\"https:\/\/www.rightscenter.org\/wp-content\/uploads\/2018.9.3-Labor-Day-Picnic.jpg\",\"contentUrl\":\"https:\/\/www.rightscenter.org\/wp-content\/uploads\/2018.9.3-Labor-Day-Picnic.jpg\",\"width\":2200,\"height\":900},{\"@type\":\"BreadcrumbList\",\"@id\":\"https:\/\/www.rightscenter.org\/news\/advocating-for-rights-of-all-workers-on-labor-day\/#breadcrumb\",\"itemListElement\":[{\"@type\":\"ListItem\",\"position\":1,\"name\":\"Home\",\"item\":\"https:\/\/www.rightscenter.org\/\"},{\"@type\":\"ListItem\",\"position\":2,\"name\":\"community\",\"item\":\"https:\/\/www.rightscenter.org\/news\/category\/community\/\"},{\"@type\":\"ListItem\",\"position\":3,\"name\":\"Advocating for Rights of All Workers on Labor Day\"}]},{\"@type\":\"WebSite\",\"@id\":\"https:\/\/www.rightscenter.org\/#website\",\"url\":\"https:\/\/www.rightscenter.org\/\",\"name\":\"Center for Workers&#039; Rights\",\"description\":\"\",\"potentialAction\":[{\"@type\":\"SearchAction\",\"target\":{\"@type\":\"EntryPoint\",\"urlTemplate\":\"https:\/\/www.rightscenter.org\/?s={search_term_string}\"},\"query-input\":{\"@type\":\"PropertyValueSpecification\",\"valueRequired\":true,\"valueName\":\"search_term_string\"}}],\"inLanguage\":\"es\"},{\"@type\":\"Person\",\"@id\":\"https:\/\/www.rightscenter.org\/#\/schema\/person\/f0d259dee9fa74cd38a28c66ddb3893d\",\"name\":\"Center for Workers' Rights\"}]}<\/script>\n<!-- \/ Yoast SEO plugin. -->","yoast_head_json":{"title":"Advocating for Rights of All Workers on Labor Day | Center for Workers&#039; Rights","robots":{"index":"index","follow":"follow","max-snippet":"max-snippet:-1","max-image-preview":"max-image-preview:large","max-video-preview":"max-video-preview:-1"},"canonical":"https:\/\/www.rightscenter.org\/es\/news\/advocating-for-rights-of-all-workers-on-labor-day\/","og_locale":"es_ES","og_type":"article","og_title":"Advocating for Rights of All Workers on Labor Day | Center for Workers&#039; Rights","og_description":"Once again, the Center for Workers\u2019 Rights celebrated Labor Day with union members and local politicians at the Sacramento Central Labor Council\u2019s Labor Day Picnic held this year at Fairytale Town at William Land Park. &nbsp; We distributed information about workplace rights for low-wage workers and helped union members appreciate the benefit of their contracts.\u00a0 [&hellip;]","og_url":"https:\/\/www.rightscenter.org\/es\/news\/advocating-for-rights-of-all-workers-on-labor-day\/","og_site_name":"Center for Workers&#039; Rights","article_published_time":"2018-09-04T22:02:38+00:00","article_modified_time":"2023-08-28T23:10:46+00:00","og_image":[{"width":2200,"height":900,"url":"https:\/\/www.rightscenter.org\/wp-content\/uploads\/2018.9.3-Labor-Day-Picnic.jpg","type":"image\/jpeg"}],"author":"Center for Workers' Rights","twitter_card":"summary_large_image","schema":{"@context":"https:\/\/schema.org","@graph":[{"@type":"Article","@id":"https:\/\/www.rightscenter.org\/news\/advocating-for-rights-of-all-workers-on-labor-day\/#article","isPartOf":{"@id":"https:\/\/www.rightscenter.org\/news\/advocating-for-rights-of-all-workers-on-labor-day\/"},"author":{"name":"Center for Workers' Rights","@id":"https:\/\/www.rightscenter.org\/#\/schema\/person\/f0d259dee9fa74cd38a28c66ddb3893d"},"headline":"Advocating for Rights of All Workers on Labor Day","datePublished":"2018-09-04T22:02:38+00:00","dateModified":"2023-08-28T23:10:46+00:00","mainEntityOfPage":{"@id":"https:\/\/www.rightscenter.org\/news\/advocating-for-rights-of-all-workers-on-labor-day\/"},"wordCount":138,"image":{"@id":"https:\/\/www.rightscenter.org\/news\/advocating-for-rights-of-all-workers-on-labor-day\/#primaryimage"},"thumbnailUrl":"https:\/\/www.rightscenter.org\/wp-content\/uploads\/2018.9.3-Labor-Day-Picnic.jpg","articleSection":["Blog","community","News"],"inLanguage":"es"},{"@type":"WebPage","@id":"https:\/\/www.rightscenter.org\/news\/advocating-for-rights-of-all-workers-on-labor-day\/","url":"https:\/\/www.rightscenter.org\/news\/advocating-for-rights-of-all-workers-on-labor-day\/","name":"Advocating for Rights of All Workers on Labor Day | Center for Workers&#039; Rights","isPartOf":{"@id":"https:\/\/www.rightscenter.org\/#website"},"primaryImageOfPage":{"@id":"https:\/\/www.rightscenter.org\/news\/advocating-for-rights-of-all-workers-on-labor-day\/#primaryimage"},"image":{"@id":"https:\/\/www.rightscenter.org\/news\/advocating-for-rights-of-all-workers-on-labor-day\/#primaryimage"},"thumbnailUrl":"https:\/\/www.rightscenter.org\/wp-content\/uploads\/2018.9.3-Labor-Day-Picnic.jpg","datePublished":"2018-09-04T22:02:38+00:00","dateModified":"2023-08-28T23:10:46+00:00","author":{"@id":"https:\/\/www.rightscenter.org\/#\/schema\/person\/f0d259dee9fa74cd38a28c66ddb3893d"},"breadcrumb":{"@id":"https:\/\/www.rightscenter.org\/news\/advocating-for-rights-of-all-workers-on-labor-day\/#breadcrumb"},"inLanguage":"es","potentialAction":[{"@type":"ReadAction","target":["https:\/\/www.rightscenter.org\/news\/advocating-for-rights-of-all-workers-on-labor-day\/"]}]},{"@type":"ImageObject","inLanguage":"es","@id":"https:\/\/www.rightscenter.org\/news\/advocating-for-rights-of-all-workers-on-labor-day\/#primaryimage","url":"https:\/\/www.rightscenter.org\/wp-content\/uploads\/2018.9.3-Labor-Day-Picnic.jpg","contentUrl":"https:\/\/www.rightscenter.org\/wp-content\/uploads\/2018.9.3-Labor-Day-Picnic.jpg","width":2200,"height":900},{"@type":"BreadcrumbList","@id":"https:\/\/www.rightscenter.org\/news\/advocating-for-rights-of-all-workers-on-labor-day\/#breadcrumb","itemListElement":[{"@type":"ListItem","position":1,"name":"Home","item":"https:\/\/www.rightscenter.org\/"},{"@type":"ListItem","position":2,"name":"community","item":"https:\/\/www.rightscenter.org\/news\/category\/community\/"},{"@type":"ListItem","position":3,"name":"Advocating for Rights of All Workers on Labor Day"}]},{"@type":"WebSite","@id":"https:\/\/www.rightscenter.org\/#website","url":"https:\/\/www.rightscenter.org\/","name":"Center for Workers&#039; Rights","description":"","potentialAction":[{"@type":"SearchAction","target":{"@type":"EntryPoint","urlTemplate":"https:\/\/www.rightscenter.org\/?s={search_term_string}"},"query-input":{"@type":"PropertyValueSpecification","valueRequired":true,"valueName":"search_term_string"}}],"inLanguage":"es"},{"@type":"Person","@id":"https:\/\/www.rightscenter.org\/#\/schema\/person\/f0d259dee9fa74cd38a28c66ddb3893d","name":"Center for Workers' Rights"}]}},"_links":{"self":[{"href":"https:\/\/www.rightscenter.org\/es\/wp-json\/wp\/v2\/posts\/1910","targetHints":{"allow":["GET"]}}],"collection":[{"href":"https:\/\/www.rightscenter.org\/es\/wp-json\/wp\/v2\/posts"}],"about":[{"href":"https:\/\/www.rightscenter.org\/es\/wp-json\/wp\/v2\/types\/post"}],"author":[{"embeddable":true,"href":"https:\/\/www.rightscenter.org\/es\/wp-json\/wp\/v2\/users\/12"}],"replies":[{"embeddable":true,"href":"https:\/\/www.rightscenter.org\/es\/wp-json\/wp\/v2\/comments?post=1910"}],"version-history":[{"count":0,"href":"https:\/\/www.rightscenter.org\/es\/wp-json\/wp\/v2\/posts\/1910\/revisions"}],"wp:featuredmedia":[{"embeddable":true,"href":"https:\/\/www.rightscenter.org\/es\/wp-json\/wp\/v2\/media\/1912"}],"wp:attachment":[{"href":"https:\/\/www.rightscenter.org\/es\/wp-json\/wp\/v2\/media?parent=1910"}],"wp:term":[{"taxonomy":"category","embeddable":true,"href":"https:\/\/www.rightscenter.org\/es\/wp-json\/wp\/v2\/categories?post=1910"},{"taxonomy":"post_tag","embeddable":true,"href":"https:\/\/www.rightscenter.org\/es\/wp-json\/wp\/v2\/tags?post=1910"}],"curies":[{"name":"wp","href":"https:\/\/api.w.org\/{rel}","templated":true}]}}