{"id":1947,"date":"2018-09-21T17:54:49","date_gmt":"2018-09-22T00:54:49","guid":{"rendered":"\/?p=1947"},"modified":"2018-09-21T17:54:49","modified_gmt":"2018-09-22T00:54:49","slug":"new-year-new-location-for-the-workers-rights-clinic","status":"publish","type":"post","link":"https:\/\/www.rightscenter.org\/es\/news\/new-year-new-location-for-the-workers-rights-clinic\/","title":{"rendered":"NUEVO A\u00d1O, NUEVA UBICACI\u00d3N PARA LA CL\u00cdNICA DE DERECHOS DE LOS TRABAJADORES"},"content":{"rendered":"<p>El 20 de Septiembre de 2018, el Centro de Derechos de los Trabajadores y Asistencia Legal en el Trabajo lanz\u00f3 el 5th<sup>th<\/sup> a\u00f1o de la Cl\u00ednica de Derechos de los Trabajadores con la Facultad de Derecho de UC Davis (King Hall) en su nueva ubicaci\u00f3n en el edificio del Departamento de Servicios de Salud para el Condado de Sacramento en Florin Road.<\/p>\n<p>Este a\u00f1o, la cl\u00ednica cuenta con 11 estudiantes voluntarios, que pueden ayudar a los clientes en Espa\u00f1ol, Mandar\u00edn, Canton\u00e9s, Japon\u00e9s y \u00c1rabe.  El cambio de la cl\u00ednica de Woodland a Sacramento se hizo para aumentar el n\u00famero de clientes que asisten a la cl\u00ednica en persona.  En esta primera sesi\u00f3n, qued\u00f3 claro que este traslado cumpli\u00f3 su prop\u00f3sito; la cl\u00ednica atendi\u00f3 en persona a m\u00e1s del doble de trabajadores de los que hab\u00edan sido atendidos en las ubicaciones de Woodland o Davis.<\/p>\n<p>&nbsp;<\/p>\n<p>El Centro de Derechos de los Trabajadores agradece al Departamento de Asistencia Humana su hospitalidad.  Aunque a menudo se puede atender sin cita previa, recomendamos encarecidamente a quienes buscan asesoramiento que concierten una cita llamando a nuestra oficina al 916-905-5857.<\/p>","protected":false},"excerpt":{"rendered":"<p>On September 20, 2018 the Center for Workers\u2019 Rights and Legal Aid at Work launched the 5th year of the Workers\u2019 Rights Clinic with UC Davis Law School (King Hall) at its new location at the Department of Health Services building for the County of Sacramento on Florin Road. This year, the clinic is staffed [&hellip;]<\/p>\n","protected":false},"author":12,"featured_media":1948,"comment_status":"closed","ping_status":"open","sticky":false,"template":"","format":"standard","meta":{"_et_pb_use_builder":"","_et_pb_old_content":"","_et_gb_content_width":"","inline_featured_image":false,"_monsterinsights_skip_tracking":false,"_monsterinsights_sitenote_active":false,"_monsterinsights_sitenote_note":"","_monsterinsights_sitenote_category":0,"footnotes":""},"categories":[11,23],"tags":[],"class_list":["post-1947","post","type-post","status-publish","format-standard","has-post-thumbnail","hentry","category-blog","category-news"],"yoast_head":"<!-- This site is optimized with the Yoast SEO plugin v27.2 - https:\/\/yoast.com\/product\/yoast-seo-wordpress\/ -->\n<title>New Year, New Location for the Workers&#039; Rights Clinic | Center for Workers&#039; Rights<\/title>\n<meta name=\"robots\" content=\"index, follow, max-snippet:-1, max-image-preview:large, max-video-preview:-1\" \/>\n<link rel=\"canonical\" href=\"https:\/\/www.rightscenter.org\/es\/news\/new-year-new-location-for-the-workers-rights-clinic\/\" \/>\n<meta property=\"og:locale\" content=\"es_ES\" \/>\n<meta property=\"og:type\" content=\"article\" \/>\n<meta property=\"og:title\" content=\"New Year, New Location for the Workers&#039; Rights Clinic | Center for Workers&#039; Rights\" \/>\n<meta property=\"og:description\" content=\"On September 20, 2018 the Center for Workers\u2019 Rights and Legal Aid at Work launched the 5th year of the Workers\u2019 Rights Clinic with UC Davis Law School (King Hall) at its new location at the Department of Health Services building for the County of Sacramento on Florin Road. This year, the clinic is staffed [&hellip;]\" \/>\n<meta property=\"og:url\" content=\"https:\/\/www.rightscenter.org\/es\/news\/new-year-new-location-for-the-workers-rights-clinic\/\" \/>\n<meta property=\"og:site_name\" content=\"Center for Workers&#039; Rights\" \/>\n<meta property=\"article:published_time\" content=\"2018-09-22T00:54:49+00:00\" \/>\n<meta property=\"og:image\" content=\"https:\/\/www.rightscenter.org\/wp-content\/uploads\/dha-building.jpg\" \/>\n\t<meta property=\"og:image:width\" content=\"494\" \/>\n\t<meta property=\"og:image:height\" content=\"202\" \/>\n\t<meta property=\"og:image:type\" content=\"image\/jpeg\" \/>\n<meta name=\"author\" content=\"Center for Workers&#039; Rights\" \/>\n<meta name=\"twitter:card\" content=\"summary_large_image\" \/>\n<script type=\"application\/ld+json\" class=\"yoast-schema-graph\">{\"@context\":\"https:\/\/schema.org\",\"@graph\":[{\"@type\":\"Article\",\"@id\":\"https:\/\/www.rightscenter.org\/news\/new-year-new-location-for-the-workers-rights-clinic\/#article\",\"isPartOf\":{\"@id\":\"https:\/\/www.rightscenter.org\/news\/new-year-new-location-for-the-workers-rights-clinic\/\"},\"author\":{\"name\":\"Center for Workers' Rights\",\"@id\":\"https:\/\/www.rightscenter.org\/#\/schema\/person\/885acadbf2ee44e79d7820e250572ee8\"},\"headline\":\"New Year, New Location for the Workers&#8217; Rights Clinic\",\"datePublished\":\"2018-09-22T00:54:49+00:00\",\"mainEntityOfPage\":{\"@id\":\"https:\/\/www.rightscenter.org\/news\/new-year-new-location-for-the-workers-rights-clinic\/\"},\"wordCount\":175,\"image\":{\"@id\":\"https:\/\/www.rightscenter.org\/news\/new-year-new-location-for-the-workers-rights-clinic\/#primaryimage\"},\"thumbnailUrl\":\"https:\/\/www.rightscenter.org\/wp-content\/uploads\/dha-building.jpg\",\"articleSection\":[\"Blog\",\"News\"],\"inLanguage\":\"es\"},{\"@type\":\"WebPage\",\"@id\":\"https:\/\/www.rightscenter.org\/news\/new-year-new-location-for-the-workers-rights-clinic\/\",\"url\":\"https:\/\/www.rightscenter.org\/news\/new-year-new-location-for-the-workers-rights-clinic\/\",\"name\":\"New Year, New Location for the Workers' Rights Clinic | Center for Workers&#039; Rights\",\"isPartOf\":{\"@id\":\"https:\/\/www.rightscenter.org\/#website\"},\"primaryImageOfPage\":{\"@id\":\"https:\/\/www.rightscenter.org\/news\/new-year-new-location-for-the-workers-rights-clinic\/#primaryimage\"},\"image\":{\"@id\":\"https:\/\/www.rightscenter.org\/news\/new-year-new-location-for-the-workers-rights-clinic\/#primaryimage\"},\"thumbnailUrl\":\"https:\/\/www.rightscenter.org\/wp-content\/uploads\/dha-building.jpg\",\"datePublished\":\"2018-09-22T00:54:49+00:00\",\"author\":{\"@id\":\"https:\/\/www.rightscenter.org\/#\/schema\/person\/885acadbf2ee44e79d7820e250572ee8\"},\"breadcrumb\":{\"@id\":\"https:\/\/www.rightscenter.org\/news\/new-year-new-location-for-the-workers-rights-clinic\/#breadcrumb\"},\"inLanguage\":\"es\",\"potentialAction\":[{\"@type\":\"ReadAction\",\"target\":[\"https:\/\/www.rightscenter.org\/news\/new-year-new-location-for-the-workers-rights-clinic\/\"]}]},{\"@type\":\"ImageObject\",\"inLanguage\":\"es\",\"@id\":\"https:\/\/www.rightscenter.org\/news\/new-year-new-location-for-the-workers-rights-clinic\/#primaryimage\",\"url\":\"https:\/\/www.rightscenter.org\/wp-content\/uploads\/dha-building.jpg\",\"contentUrl\":\"https:\/\/www.rightscenter.org\/wp-content\/uploads\/dha-building.jpg\",\"width\":494,\"height\":202},{\"@type\":\"BreadcrumbList\",\"@id\":\"https:\/\/www.rightscenter.org\/news\/new-year-new-location-for-the-workers-rights-clinic\/#breadcrumb\",\"itemListElement\":[{\"@type\":\"ListItem\",\"position\":1,\"name\":\"Home\",\"item\":\"https:\/\/www.rightscenter.org\/\"},{\"@type\":\"ListItem\",\"position\":2,\"name\":\"Blog\",\"item\":\"https:\/\/www.rightscenter.org\/news\/category\/blog\/\"},{\"@type\":\"ListItem\",\"position\":3,\"name\":\"New Year, New Location for the Workers&#8217; Rights Clinic\"}]},{\"@type\":\"WebSite\",\"@id\":\"https:\/\/www.rightscenter.org\/#website\",\"url\":\"https:\/\/www.rightscenter.org\/\",\"name\":\"Center for Workers&#039; Rights\",\"description\":\"\",\"potentialAction\":[{\"@type\":\"SearchAction\",\"target\":{\"@type\":\"EntryPoint\",\"urlTemplate\":\"https:\/\/www.rightscenter.org\/?s={search_term_string}\"},\"query-input\":{\"@type\":\"PropertyValueSpecification\",\"valueRequired\":true,\"valueName\":\"search_term_string\"}}],\"inLanguage\":\"es\"},{\"@type\":\"Person\",\"@id\":\"https:\/\/www.rightscenter.org\/#\/schema\/person\/885acadbf2ee44e79d7820e250572ee8\",\"name\":\"Center for Workers' Rights\"}]}<\/script>\n<!-- \/ Yoast SEO plugin. -->","yoast_head_json":{"title":"New Year, New Location for the Workers' Rights Clinic | Center for Workers&#039; Rights","robots":{"index":"index","follow":"follow","max-snippet":"max-snippet:-1","max-image-preview":"max-image-preview:large","max-video-preview":"max-video-preview:-1"},"canonical":"https:\/\/www.rightscenter.org\/es\/news\/new-year-new-location-for-the-workers-rights-clinic\/","og_locale":"es_ES","og_type":"article","og_title":"New Year, New Location for the Workers' Rights Clinic | Center for Workers&#039; Rights","og_description":"On September 20, 2018 the Center for Workers\u2019 Rights and Legal Aid at Work launched the 5th year of the Workers\u2019 Rights Clinic with UC Davis Law School (King Hall) at its new location at the Department of Health Services building for the County of Sacramento on Florin Road. This year, the clinic is staffed [&hellip;]","og_url":"https:\/\/www.rightscenter.org\/es\/news\/new-year-new-location-for-the-workers-rights-clinic\/","og_site_name":"Center for Workers&#039; Rights","article_published_time":"2018-09-22T00:54:49+00:00","og_image":[{"width":494,"height":202,"url":"https:\/\/www.rightscenter.org\/wp-content\/uploads\/dha-building.jpg","type":"image\/jpeg"}],"author":"Center for Workers' Rights","twitter_card":"summary_large_image","schema":{"@context":"https:\/\/schema.org","@graph":[{"@type":"Article","@id":"https:\/\/www.rightscenter.org\/news\/new-year-new-location-for-the-workers-rights-clinic\/#article","isPartOf":{"@id":"https:\/\/www.rightscenter.org\/news\/new-year-new-location-for-the-workers-rights-clinic\/"},"author":{"name":"Center for Workers' Rights","@id":"https:\/\/www.rightscenter.org\/#\/schema\/person\/885acadbf2ee44e79d7820e250572ee8"},"headline":"New Year, New Location for the Workers&#8217; Rights Clinic","datePublished":"2018-09-22T00:54:49+00:00","mainEntityOfPage":{"@id":"https:\/\/www.rightscenter.org\/news\/new-year-new-location-for-the-workers-rights-clinic\/"},"wordCount":175,"image":{"@id":"https:\/\/www.rightscenter.org\/news\/new-year-new-location-for-the-workers-rights-clinic\/#primaryimage"},"thumbnailUrl":"https:\/\/www.rightscenter.org\/wp-content\/uploads\/dha-building.jpg","articleSection":["Blog","News"],"inLanguage":"es"},{"@type":"WebPage","@id":"https:\/\/www.rightscenter.org\/news\/new-year-new-location-for-the-workers-rights-clinic\/","url":"https:\/\/www.rightscenter.org\/news\/new-year-new-location-for-the-workers-rights-clinic\/","name":"New Year, New Location for the Workers' Rights Clinic | Center for Workers&#039; Rights","isPartOf":{"@id":"https:\/\/www.rightscenter.org\/#website"},"primaryImageOfPage":{"@id":"https:\/\/www.rightscenter.org\/news\/new-year-new-location-for-the-workers-rights-clinic\/#primaryimage"},"image":{"@id":"https:\/\/www.rightscenter.org\/news\/new-year-new-location-for-the-workers-rights-clinic\/#primaryimage"},"thumbnailUrl":"https:\/\/www.rightscenter.org\/wp-content\/uploads\/dha-building.jpg","datePublished":"2018-09-22T00:54:49+00:00","author":{"@id":"https:\/\/www.rightscenter.org\/#\/schema\/person\/885acadbf2ee44e79d7820e250572ee8"},"breadcrumb":{"@id":"https:\/\/www.rightscenter.org\/news\/new-year-new-location-for-the-workers-rights-clinic\/#breadcrumb"},"inLanguage":"es","potentialAction":[{"@type":"ReadAction","target":["https:\/\/www.rightscenter.org\/news\/new-year-new-location-for-the-workers-rights-clinic\/"]}]},{"@type":"ImageObject","inLanguage":"es","@id":"https:\/\/www.rightscenter.org\/news\/new-year-new-location-for-the-workers-rights-clinic\/#primaryimage","url":"https:\/\/www.rightscenter.org\/wp-content\/uploads\/dha-building.jpg","contentUrl":"https:\/\/www.rightscenter.org\/wp-content\/uploads\/dha-building.jpg","width":494,"height":202},{"@type":"BreadcrumbList","@id":"https:\/\/www.rightscenter.org\/news\/new-year-new-location-for-the-workers-rights-clinic\/#breadcrumb","itemListElement":[{"@type":"ListItem","position":1,"name":"Home","item":"https:\/\/www.rightscenter.org\/"},{"@type":"ListItem","position":2,"name":"Blog","item":"https:\/\/www.rightscenter.org\/news\/category\/blog\/"},{"@type":"ListItem","position":3,"name":"New Year, New Location for the Workers&#8217; Rights Clinic"}]},{"@type":"WebSite","@id":"https:\/\/www.rightscenter.org\/#website","url":"https:\/\/www.rightscenter.org\/","name":"Center for Workers&#039; Rights","description":"","potentialAction":[{"@type":"SearchAction","target":{"@type":"EntryPoint","urlTemplate":"https:\/\/www.rightscenter.org\/?s={search_term_string}"},"query-input":{"@type":"PropertyValueSpecification","valueRequired":true,"valueName":"search_term_string"}}],"inLanguage":"es"},{"@type":"Person","@id":"https:\/\/www.rightscenter.org\/#\/schema\/person\/885acadbf2ee44e79d7820e250572ee8","name":"Center for Workers' Rights"}]}},"_links":{"self":[{"href":"https:\/\/www.rightscenter.org\/es\/wp-json\/wp\/v2\/posts\/1947","targetHints":{"allow":["GET"]}}],"collection":[{"href":"https:\/\/www.rightscenter.org\/es\/wp-json\/wp\/v2\/posts"}],"about":[{"href":"https:\/\/www.rightscenter.org\/es\/wp-json\/wp\/v2\/types\/post"}],"author":[{"embeddable":true,"href":"https:\/\/www.rightscenter.org\/es\/wp-json\/wp\/v2\/users\/12"}],"replies":[{"embeddable":true,"href":"https:\/\/www.rightscenter.org\/es\/wp-json\/wp\/v2\/comments?post=1947"}],"version-history":[{"count":0,"href":"https:\/\/www.rightscenter.org\/es\/wp-json\/wp\/v2\/posts\/1947\/revisions"}],"wp:featuredmedia":[{"embeddable":true,"href":"https:\/\/www.rightscenter.org\/es\/wp-json\/wp\/v2\/media\/1948"}],"wp:attachment":[{"href":"https:\/\/www.rightscenter.org\/es\/wp-json\/wp\/v2\/media?parent=1947"}],"wp:term":[{"taxonomy":"category","embeddable":true,"href":"https:\/\/www.rightscenter.org\/es\/wp-json\/wp\/v2\/categories?post=1947"},{"taxonomy":"post_tag","embeddable":true,"href":"https:\/\/www.rightscenter.org\/es\/wp-json\/wp\/v2\/tags?post=1947"}],"curies":[{"name":"wp","href":"https:\/\/api.w.org\/{rel}","templated":true}]}}