{"id":2982,"date":"2023-06-01T13:52:25","date_gmt":"2023-06-01T20:52:25","guid":{"rendered":"https:\/\/www.rightscenter.org\/?p=2982"},"modified":"2023-08-08T08:59:49","modified_gmt":"2023-08-08T15:59:49","slug":"picnic-at-the-capitol-in-solidarity-with-immigrant-rights","status":"publish","type":"post","link":"https:\/\/www.rightscenter.org\/es\/news\/picnic-at-the-capitol-in-solidarity-with-immigrant-rights\/","title":{"rendered":"Picnic en el Capitolio en Solidaridad con los Derechos de los Inmigrantes.."},"content":{"rendered":"<p><span style=\"font-weight: 400;\">Organizaciones de Sacramento incluyendo, L\u00edderes Campesinas, NorCal Resist, y Centro de Derechos Laborales, organizaron un picnic en el Capitolio del Estado en Sacramento el 1 de Junio para mostrar solidaridad con la comunidad inmigrante en todo el pa\u00eds.\u00a0<\/span><\/p>\n<p><span style=\"font-weight: 400;\">No cabe duda de que en los \u00faltimos a\u00f1os hemos visto un aumento espectacular de la ret\u00f3rica y las pol\u00edticas antiinmigrantes por parte de los gobiernos federal y estatales.En Mayo, el gobernador de Florida, Ron Desantis, promulg\u00f3 la ley SB 1718, que inmediatamente provoc\u00f3 la reacci\u00f3n de muchas organizaciones de defensa de los derechos de los inmigrantes.La ley demoniza a los inmigrantes que llegan a Estados Unidos en busca de asilo pol\u00edtico o econ\u00f3mico.  La nueva ley obligar\u00e1 a que los hospitales a soliciten el estatuto de ciudadan\u00eda antes de proveer servicios, recortar\u00e1 la financiaci\u00f3n de programas que existen para ayudar a integrar a los inmigrantes en la sociedad, al tiempo que aumentar\u00e1 las penas y los posibles cargos por delitos graves a quienes ayuden a los inmigrantes una vez dentro de Estados Unidos.\u00a0<\/span><\/p>\n<p><span style=\"font-weight: 400;\">El Centro de Derechos Laborales se solidariza con nuestros hermanos inmigrantes en oposici\u00f3n a este tipo de medidas. Durante el picnic varios trabajadores inmigrantes contaron sus historias personales y sus luchas sobre lo que significa ser indocumentado en este clima pol\u00edtico. Elogiamos la valent\u00eda de estos trabajadores, y de tantos otros, que siguen luchando por su lugar en la mesa.\u00a0<\/span><\/p>\n<p><span style=\"font-weight: 400;\">Ahora es m\u00e1s importante que nunca asegurar que los trabajadores est\u00e9n educados sobre sus derechos, empoderados para defender su dignidad y exigir justicia! CWR continuar\u00e1 abogando por TODOS los trabajadores, independientemente de su estado de ciudadan\u00eda, y presionar\u00e1 para que nuestros representantes electos hagan lo mismo. Seguiremos estrechando los lazos que nos unen a otras organizaciones comunitarias que comparten nuestra visi\u00f3n de un mundo en el que todos los trabajadores sean tratados con respeto y no se les niegue el acceso a los frutos de su trabajo.  Si est\u00e1s siendo objeto de pr\u00e1cticas laborales injustas o ilegales, discriminaci\u00f3n o acoso en tu lugar de trabajo, llama hoy mismo a nuestra l\u00ednea directa 916-905-5857 para hablar con uno de nuestros empleados. <\/span><\/p>","protected":false},"excerpt":{"rendered":"<p>Organizations from Sacramento including, Lideres Campesinas, NorCal Resist, and Center for Workers\u2019 Rights, hosted a picnic at the State Capitol in Sacramento on June 1st to show solidarity with the immigrant community throughout the country.\u00a0 There is no doubt that we have seen a dramatic increase in anti-immigrant rhetoric and policies from the Federal and [&hellip;]<\/p>\n","protected":false},"author":15,"featured_media":2983,"comment_status":"closed","ping_status":"open","sticky":false,"template":"","format":"standard","meta":{"_et_pb_use_builder":"","_et_pb_old_content":"","_et_gb_content_width":"","inline_featured_image":false,"_monsterinsights_skip_tracking":false,"_monsterinsights_sitenote_active":false,"_monsterinsights_sitenote_note":"","_monsterinsights_sitenote_category":0,"footnotes":""},"categories":[11,23,24],"tags":[33,25],"class_list":["post-2982","post","type-post","status-publish","format-standard","has-post-thumbnail","hentry","category-blog","category-news","category-rights","tag-community","tag-news"],"yoast_head":"<!-- This site is optimized with the Yoast SEO plugin v27.2 - https:\/\/yoast.com\/product\/yoast-seo-wordpress\/ -->\n<title>Picnic at the Capitol in Solidarity with Immigrant Rights. | Center for Workers&#039; Rights<\/title>\n<meta name=\"robots\" content=\"index, follow, max-snippet:-1, max-image-preview:large, max-video-preview:-1\" \/>\n<link rel=\"canonical\" href=\"https:\/\/www.rightscenter.org\/es\/news\/picnic-at-the-capitol-in-solidarity-with-immigrant-rights\/\" \/>\n<meta property=\"og:locale\" content=\"es_ES\" \/>\n<meta property=\"og:type\" content=\"article\" \/>\n<meta property=\"og:title\" content=\"Picnic at the Capitol in Solidarity with Immigrant Rights. | Center for Workers&#039; Rights\" \/>\n<meta property=\"og:description\" content=\"Organizations from Sacramento including, Lideres Campesinas, NorCal Resist, and Center for Workers\u2019 Rights, hosted a picnic at the State Capitol in Sacramento on June 1st to show solidarity with the immigrant community throughout the country.\u00a0 There is no doubt that we have seen a dramatic increase in anti-immigrant rhetoric and policies from the Federal and [&hellip;]\" \/>\n<meta property=\"og:url\" content=\"https:\/\/www.rightscenter.org\/es\/news\/picnic-at-the-capitol-in-solidarity-with-immigrant-rights\/\" \/>\n<meta property=\"og:site_name\" content=\"Center for Workers&#039; Rights\" \/>\n<meta property=\"article:published_time\" content=\"2023-06-01T20:52:25+00:00\" \/>\n<meta property=\"article:modified_time\" content=\"2023-08-08T15:59:49+00:00\" \/>\n<meta property=\"og:image\" content=\"https:\/\/www.rightscenter.org\/wp-content\/uploads\/2023.6.1-pic-at-cap-3-1.jpg\" \/>\n\t<meta property=\"og:image:width\" content=\"2048\" \/>\n\t<meta property=\"og:image:height\" content=\"1536\" \/>\n\t<meta property=\"og:image:type\" content=\"image\/jpeg\" \/>\n<meta name=\"author\" content=\"Gabriel\" \/>\n<meta name=\"twitter:card\" content=\"summary_large_image\" \/>\n<script type=\"application\/ld+json\" class=\"yoast-schema-graph\">{\"@context\":\"https:\/\/schema.org\",\"@graph\":[{\"@type\":\"Article\",\"@id\":\"https:\/\/www.rightscenter.org\/news\/picnic-at-the-capitol-in-solidarity-with-immigrant-rights\/#article\",\"isPartOf\":{\"@id\":\"https:\/\/www.rightscenter.org\/news\/picnic-at-the-capitol-in-solidarity-with-immigrant-rights\/\"},\"author\":{\"name\":\"Gabriel\",\"@id\":\"https:\/\/www.rightscenter.org\/#\/schema\/person\/e3b968050b452a41b8d45f9997486082\"},\"headline\":\"Picnic at the Capitol in Solidarity with Immigrant Rights.\",\"datePublished\":\"2023-06-01T20:52:25+00:00\",\"dateModified\":\"2023-08-08T15:59:49+00:00\",\"mainEntityOfPage\":{\"@id\":\"https:\/\/www.rightscenter.org\/news\/picnic-at-the-capitol-in-solidarity-with-immigrant-rights\/\"},\"wordCount\":333,\"image\":{\"@id\":\"https:\/\/www.rightscenter.org\/news\/picnic-at-the-capitol-in-solidarity-with-immigrant-rights\/#primaryimage\"},\"thumbnailUrl\":\"https:\/\/www.rightscenter.org\/wp-content\/uploads\/2023.6.1-pic-at-cap-3-1.jpg\",\"keywords\":[\"Community\",\"News\"],\"articleSection\":[\"Blog\",\"News\",\"Rights\"],\"inLanguage\":\"es\"},{\"@type\":\"WebPage\",\"@id\":\"https:\/\/www.rightscenter.org\/news\/picnic-at-the-capitol-in-solidarity-with-immigrant-rights\/\",\"url\":\"https:\/\/www.rightscenter.org\/news\/picnic-at-the-capitol-in-solidarity-with-immigrant-rights\/\",\"name\":\"Picnic at the Capitol in Solidarity with Immigrant Rights. | Center for Workers&#039; Rights\",\"isPartOf\":{\"@id\":\"https:\/\/www.rightscenter.org\/#website\"},\"primaryImageOfPage\":{\"@id\":\"https:\/\/www.rightscenter.org\/news\/picnic-at-the-capitol-in-solidarity-with-immigrant-rights\/#primaryimage\"},\"image\":{\"@id\":\"https:\/\/www.rightscenter.org\/news\/picnic-at-the-capitol-in-solidarity-with-immigrant-rights\/#primaryimage\"},\"thumbnailUrl\":\"https:\/\/www.rightscenter.org\/wp-content\/uploads\/2023.6.1-pic-at-cap-3-1.jpg\",\"datePublished\":\"2023-06-01T20:52:25+00:00\",\"dateModified\":\"2023-08-08T15:59:49+00:00\",\"author\":{\"@id\":\"https:\/\/www.rightscenter.org\/#\/schema\/person\/e3b968050b452a41b8d45f9997486082\"},\"breadcrumb\":{\"@id\":\"https:\/\/www.rightscenter.org\/news\/picnic-at-the-capitol-in-solidarity-with-immigrant-rights\/#breadcrumb\"},\"inLanguage\":\"es\",\"potentialAction\":[{\"@type\":\"ReadAction\",\"target\":[\"https:\/\/www.rightscenter.org\/news\/picnic-at-the-capitol-in-solidarity-with-immigrant-rights\/\"]}]},{\"@type\":\"ImageObject\",\"inLanguage\":\"es\",\"@id\":\"https:\/\/www.rightscenter.org\/news\/picnic-at-the-capitol-in-solidarity-with-immigrant-rights\/#primaryimage\",\"url\":\"https:\/\/www.rightscenter.org\/wp-content\/uploads\/2023.6.1-pic-at-cap-3-1.jpg\",\"contentUrl\":\"https:\/\/www.rightscenter.org\/wp-content\/uploads\/2023.6.1-pic-at-cap-3-1.jpg\",\"width\":2048,\"height\":1536},{\"@type\":\"BreadcrumbList\",\"@id\":\"https:\/\/www.rightscenter.org\/news\/picnic-at-the-capitol-in-solidarity-with-immigrant-rights\/#breadcrumb\",\"itemListElement\":[{\"@type\":\"ListItem\",\"position\":1,\"name\":\"Home\",\"item\":\"https:\/\/www.rightscenter.org\/\"},{\"@type\":\"ListItem\",\"position\":2,\"name\":\"Blog\",\"item\":\"https:\/\/www.rightscenter.org\/news\/category\/blog\/\"},{\"@type\":\"ListItem\",\"position\":3,\"name\":\"Picnic at the Capitol in Solidarity with Immigrant Rights.\"}]},{\"@type\":\"WebSite\",\"@id\":\"https:\/\/www.rightscenter.org\/#website\",\"url\":\"https:\/\/www.rightscenter.org\/\",\"name\":\"Center for Workers&#039; Rights\",\"description\":\"\",\"potentialAction\":[{\"@type\":\"SearchAction\",\"target\":{\"@type\":\"EntryPoint\",\"urlTemplate\":\"https:\/\/www.rightscenter.org\/?s={search_term_string}\"},\"query-input\":{\"@type\":\"PropertyValueSpecification\",\"valueRequired\":true,\"valueName\":\"search_term_string\"}}],\"inLanguage\":\"es\"},{\"@type\":\"Person\",\"@id\":\"https:\/\/www.rightscenter.org\/#\/schema\/person\/e3b968050b452a41b8d45f9997486082\",\"name\":\"Gabriel\"}]}<\/script>\n<!-- \/ Yoast SEO plugin. -->","yoast_head_json":{"title":"Picnic at the Capitol in Solidarity with Immigrant Rights. | Center for Workers&#039; Rights","robots":{"index":"index","follow":"follow","max-snippet":"max-snippet:-1","max-image-preview":"max-image-preview:large","max-video-preview":"max-video-preview:-1"},"canonical":"https:\/\/www.rightscenter.org\/es\/news\/picnic-at-the-capitol-in-solidarity-with-immigrant-rights\/","og_locale":"es_ES","og_type":"article","og_title":"Picnic at the Capitol in Solidarity with Immigrant Rights. | Center for Workers&#039; Rights","og_description":"Organizations from Sacramento including, Lideres Campesinas, NorCal Resist, and Center for Workers\u2019 Rights, hosted a picnic at the State Capitol in Sacramento on June 1st to show solidarity with the immigrant community throughout the country.\u00a0 There is no doubt that we have seen a dramatic increase in anti-immigrant rhetoric and policies from the Federal and [&hellip;]","og_url":"https:\/\/www.rightscenter.org\/es\/news\/picnic-at-the-capitol-in-solidarity-with-immigrant-rights\/","og_site_name":"Center for Workers&#039; Rights","article_published_time":"2023-06-01T20:52:25+00:00","article_modified_time":"2023-08-08T15:59:49+00:00","og_image":[{"width":2048,"height":1536,"url":"https:\/\/www.rightscenter.org\/wp-content\/uploads\/2023.6.1-pic-at-cap-3-1.jpg","type":"image\/jpeg"}],"author":"Gabriel","twitter_card":"summary_large_image","schema":{"@context":"https:\/\/schema.org","@graph":[{"@type":"Article","@id":"https:\/\/www.rightscenter.org\/news\/picnic-at-the-capitol-in-solidarity-with-immigrant-rights\/#article","isPartOf":{"@id":"https:\/\/www.rightscenter.org\/news\/picnic-at-the-capitol-in-solidarity-with-immigrant-rights\/"},"author":{"name":"Gabriel","@id":"https:\/\/www.rightscenter.org\/#\/schema\/person\/e3b968050b452a41b8d45f9997486082"},"headline":"Picnic at the Capitol in Solidarity with Immigrant Rights.","datePublished":"2023-06-01T20:52:25+00:00","dateModified":"2023-08-08T15:59:49+00:00","mainEntityOfPage":{"@id":"https:\/\/www.rightscenter.org\/news\/picnic-at-the-capitol-in-solidarity-with-immigrant-rights\/"},"wordCount":333,"image":{"@id":"https:\/\/www.rightscenter.org\/news\/picnic-at-the-capitol-in-solidarity-with-immigrant-rights\/#primaryimage"},"thumbnailUrl":"https:\/\/www.rightscenter.org\/wp-content\/uploads\/2023.6.1-pic-at-cap-3-1.jpg","keywords":["Community","News"],"articleSection":["Blog","News","Rights"],"inLanguage":"es"},{"@type":"WebPage","@id":"https:\/\/www.rightscenter.org\/news\/picnic-at-the-capitol-in-solidarity-with-immigrant-rights\/","url":"https:\/\/www.rightscenter.org\/news\/picnic-at-the-capitol-in-solidarity-with-immigrant-rights\/","name":"Picnic at the Capitol in Solidarity with Immigrant Rights. | Center for Workers&#039; Rights","isPartOf":{"@id":"https:\/\/www.rightscenter.org\/#website"},"primaryImageOfPage":{"@id":"https:\/\/www.rightscenter.org\/news\/picnic-at-the-capitol-in-solidarity-with-immigrant-rights\/#primaryimage"},"image":{"@id":"https:\/\/www.rightscenter.org\/news\/picnic-at-the-capitol-in-solidarity-with-immigrant-rights\/#primaryimage"},"thumbnailUrl":"https:\/\/www.rightscenter.org\/wp-content\/uploads\/2023.6.1-pic-at-cap-3-1.jpg","datePublished":"2023-06-01T20:52:25+00:00","dateModified":"2023-08-08T15:59:49+00:00","author":{"@id":"https:\/\/www.rightscenter.org\/#\/schema\/person\/e3b968050b452a41b8d45f9997486082"},"breadcrumb":{"@id":"https:\/\/www.rightscenter.org\/news\/picnic-at-the-capitol-in-solidarity-with-immigrant-rights\/#breadcrumb"},"inLanguage":"es","potentialAction":[{"@type":"ReadAction","target":["https:\/\/www.rightscenter.org\/news\/picnic-at-the-capitol-in-solidarity-with-immigrant-rights\/"]}]},{"@type":"ImageObject","inLanguage":"es","@id":"https:\/\/www.rightscenter.org\/news\/picnic-at-the-capitol-in-solidarity-with-immigrant-rights\/#primaryimage","url":"https:\/\/www.rightscenter.org\/wp-content\/uploads\/2023.6.1-pic-at-cap-3-1.jpg","contentUrl":"https:\/\/www.rightscenter.org\/wp-content\/uploads\/2023.6.1-pic-at-cap-3-1.jpg","width":2048,"height":1536},{"@type":"BreadcrumbList","@id":"https:\/\/www.rightscenter.org\/news\/picnic-at-the-capitol-in-solidarity-with-immigrant-rights\/#breadcrumb","itemListElement":[{"@type":"ListItem","position":1,"name":"Home","item":"https:\/\/www.rightscenter.org\/"},{"@type":"ListItem","position":2,"name":"Blog","item":"https:\/\/www.rightscenter.org\/news\/category\/blog\/"},{"@type":"ListItem","position":3,"name":"Picnic at the Capitol in Solidarity with Immigrant Rights."}]},{"@type":"WebSite","@id":"https:\/\/www.rightscenter.org\/#website","url":"https:\/\/www.rightscenter.org\/","name":"Center for Workers&#039; Rights","description":"","potentialAction":[{"@type":"SearchAction","target":{"@type":"EntryPoint","urlTemplate":"https:\/\/www.rightscenter.org\/?s={search_term_string}"},"query-input":{"@type":"PropertyValueSpecification","valueRequired":true,"valueName":"search_term_string"}}],"inLanguage":"es"},{"@type":"Person","@id":"https:\/\/www.rightscenter.org\/#\/schema\/person\/e3b968050b452a41b8d45f9997486082","name":"Gabriel"}]}},"_links":{"self":[{"href":"https:\/\/www.rightscenter.org\/es\/wp-json\/wp\/v2\/posts\/2982","targetHints":{"allow":["GET"]}}],"collection":[{"href":"https:\/\/www.rightscenter.org\/es\/wp-json\/wp\/v2\/posts"}],"about":[{"href":"https:\/\/www.rightscenter.org\/es\/wp-json\/wp\/v2\/types\/post"}],"author":[{"embeddable":true,"href":"https:\/\/www.rightscenter.org\/es\/wp-json\/wp\/v2\/users\/15"}],"replies":[{"embeddable":true,"href":"https:\/\/www.rightscenter.org\/es\/wp-json\/wp\/v2\/comments?post=2982"}],"version-history":[{"count":0,"href":"https:\/\/www.rightscenter.org\/es\/wp-json\/wp\/v2\/posts\/2982\/revisions"}],"wp:featuredmedia":[{"embeddable":true,"href":"https:\/\/www.rightscenter.org\/es\/wp-json\/wp\/v2\/media\/2983"}],"wp:attachment":[{"href":"https:\/\/www.rightscenter.org\/es\/wp-json\/wp\/v2\/media?parent=2982"}],"wp:term":[{"taxonomy":"category","embeddable":true,"href":"https:\/\/www.rightscenter.org\/es\/wp-json\/wp\/v2\/categories?post=2982"},{"taxonomy":"post_tag","embeddable":true,"href":"https:\/\/www.rightscenter.org\/es\/wp-json\/wp\/v2\/tags?post=2982"}],"curies":[{"name":"wp","href":"https:\/\/api.w.org\/{rel}","templated":true}]}}