{"id":3032,"date":"2022-01-26T13:00:23","date_gmt":"2022-01-26T21:00:23","guid":{"rendered":"https:\/\/www.rightscenter.org\/?p=3032"},"modified":"2023-09-15T13:03:22","modified_gmt":"2023-09-15T20:03:22","slug":"cwr-speaks-with-abc-10-on-new-covid-sick-leave-policy","status":"publish","type":"post","link":"https:\/\/www.rightscenter.org\/es\/news\/cwr-speaks-with-abc-10-on-new-covid-sick-leave-policy\/","title":{"rendered":"CWR Habla con ABC 10 sobre la nueva Pol\u00edtica de Baja por Enfermedad de COVID"},"content":{"rendered":"<p><span style=\"font-weight: 400;\">\u00a1La Baja por Enfermedad Remunerada COVID se ha vuelto a renovar en California! Los beneficios que hab\u00edan finalizado en Septiembre de 2021 se han restablecido una vez m\u00e1s debido al aumento de la nueva variante de COVID omicron.\u00a0<\/span><\/p>\n<p><span style=\"font-weight: 400;\">Mike Duffy, de ABC 10, invit\u00f3 a nuestro equipo a hablar sobre la importancia de esta pr\u00f3rroga y a responder a las preguntas de la comunidad sobre la baja por enfermedad remunerada suplementaria. (V\u00e9alo <\/span><a href=\"https:\/\/www.abc10.com\/video\/news\/education\/what-will-the-new-paid-sick-leave-deal-mean-for-workers-in-sacramento\/103-8ed21a19-7637-4498-a917-ef397bc23ddc\"><span style=\"font-weight: 400;\">aqui<\/span><\/a><span style=\"font-weight: 400;\">Desde que comenz\u00f3 la pandemia, hemos mantenido a nuestras comunidades al d\u00eda sobre los programas estatales que existen para ayudar a mantenerlas seguras y protegidas financieramente mientras este virus sigue propag\u00e1ndose.\u00a0<\/span><\/p>\n<p><span style=\"font-weight: 400;\">\u00a0Como inform\u00f3 la administradora del programa CWR, Erica Zermeno, la nueva ley de baja por enfermedad remunerada por COVID proporciona 40 horas para cuidarse a s\u00ed mismo o a un miembro de la familia que tenga o est\u00e9 sujeto a una cuarentena por COVID o para recuperarse de una vacuna y 40 horas adicionales para cuidar a un miembro de la familia que d\u00e9 positivo por COVID. La ley es retroactiva al 1 de enero de 2022, pero eso a\u00fan deja un vac\u00edo en el subsidio de enfermedad por COVID para los \u00faltimos meses de 2021.<\/span><\/p>\n<p><span style=\"font-weight: 400;\">La pandemia de coronavirus sigue teniendo impacto en nuestras comunidades. Es de suma importancia que los trabajadores sigan tom\u00e1ndose tiempo libre para recuperarse. Queremos que los miembros de nuestra comunidad sepan que no tienen por qu\u00e9 priorizar los ingresos de su familia sobre su salud. Esta prestaci\u00f3n existe para que puedan cuidar de s\u00ed mismos y de su familia sin sacrificar su bienestar financiero.\u00a0\u00a0<\/span><\/p>\n<p><span style=\"font-weight: 400;\">Si es usted un trabajador y tiene preguntas sobre lo que hace por usted la baja por enfermedad complementaria retribuida, si no est\u00e1 seguro de si re\u00fane los requisitos para obtenerla o su empleador le ha dicho que no re\u00fane los requisitos, ll\u00e1menos y nuestro personal le proporcionar\u00e1 con mucho gusto m\u00e1s informaci\u00f3n. <\/span><\/p>","protected":false},"excerpt":{"rendered":"<p>COVID Paid Sick Leave was once again extended in California! The benefits which had ended in September of 2021 have once again been reinstated due to the spike in the new COVID variant omicron.\u00a0 Mike Duffy, from ABC 10, invited our team to speak about the importance of this extension and to answer questions for [&hellip;]<\/p>\n","protected":false},"author":15,"featured_media":3033,"comment_status":"closed","ping_status":"open","sticky":false,"template":"","format":"standard","meta":{"_et_pb_use_builder":"","_et_pb_old_content":"","_et_gb_content_width":"","inline_featured_image":false,"_monsterinsights_skip_tracking":false,"_monsterinsights_sitenote_active":false,"_monsterinsights_sitenote_note":"","_monsterinsights_sitenote_category":0,"footnotes":""},"categories":[11,16,23,24],"tags":[44,25,43],"class_list":["post-3032","post","type-post","status-publish","format-standard","has-post-thumbnail","hentry","category-blog","category-media","category-news","category-rights","tag-awards","tag-news","tag-update"],"yoast_head":"<!-- This site is optimized with the Yoast SEO plugin v27.2 - https:\/\/yoast.com\/product\/yoast-seo-wordpress\/ -->\n<title>CWR Speaks with ABC 10 on New COVID Sick Leave Policy | Center for Workers&#039; Rights<\/title>\n<meta name=\"robots\" content=\"index, follow, max-snippet:-1, max-image-preview:large, max-video-preview:-1\" \/>\n<link rel=\"canonical\" href=\"https:\/\/www.rightscenter.org\/es\/news\/cwr-speaks-with-abc-10-on-new-covid-sick-leave-policy\/\" \/>\n<meta property=\"og:locale\" content=\"es_ES\" \/>\n<meta property=\"og:type\" content=\"article\" \/>\n<meta property=\"og:title\" content=\"CWR Speaks with ABC 10 on New COVID Sick Leave Policy | Center for Workers&#039; Rights\" \/>\n<meta property=\"og:description\" content=\"COVID Paid Sick Leave was once again extended in California! The benefits which had ended in September of 2021 have once again been reinstated due to the spike in the new COVID variant omicron.\u00a0 Mike Duffy, from ABC 10, invited our team to speak about the importance of this extension and to answer questions for [&hellip;]\" \/>\n<meta property=\"og:url\" content=\"https:\/\/www.rightscenter.org\/es\/news\/cwr-speaks-with-abc-10-on-new-covid-sick-leave-policy\/\" \/>\n<meta property=\"og:site_name\" content=\"Center for Workers&#039; Rights\" \/>\n<meta property=\"article:published_time\" content=\"2022-01-26T21:00:23+00:00\" \/>\n<meta property=\"article:modified_time\" content=\"2023-09-15T20:03:22+00:00\" \/>\n<meta property=\"og:image\" content=\"https:\/\/www.rightscenter.org\/wp-content\/uploads\/EZ-on-ABC-1.jpg\" \/>\n\t<meta property=\"og:image:width\" content=\"640\" \/>\n\t<meta property=\"og:image:height\" content=\"480\" \/>\n\t<meta property=\"og:image:type\" content=\"image\/jpeg\" \/>\n<meta name=\"author\" content=\"Gabriel\" \/>\n<meta name=\"twitter:card\" content=\"summary_large_image\" \/>\n<script type=\"application\/ld+json\" class=\"yoast-schema-graph\">{\"@context\":\"https:\/\/schema.org\",\"@graph\":[{\"@type\":\"Article\",\"@id\":\"https:\/\/www.rightscenter.org\/news\/cwr-speaks-with-abc-10-on-new-covid-sick-leave-policy\/#article\",\"isPartOf\":{\"@id\":\"https:\/\/www.rightscenter.org\/news\/cwr-speaks-with-abc-10-on-new-covid-sick-leave-policy\/\"},\"author\":{\"name\":\"Gabriel\",\"@id\":\"https:\/\/www.rightscenter.org\/#\/schema\/person\/e3b968050b452a41b8d45f9997486082\"},\"headline\":\"CWR Speaks with ABC 10 on New COVID Sick Leave Policy\",\"datePublished\":\"2022-01-26T21:00:23+00:00\",\"dateModified\":\"2023-09-15T20:03:22+00:00\",\"mainEntityOfPage\":{\"@id\":\"https:\/\/www.rightscenter.org\/news\/cwr-speaks-with-abc-10-on-new-covid-sick-leave-policy\/\"},\"wordCount\":306,\"image\":{\"@id\":\"https:\/\/www.rightscenter.org\/news\/cwr-speaks-with-abc-10-on-new-covid-sick-leave-policy\/#primaryimage\"},\"thumbnailUrl\":\"https:\/\/www.rightscenter.org\/wp-content\/uploads\/EZ-on-ABC-1.jpg\",\"keywords\":[\"Awards\",\"News\",\"Update\"],\"articleSection\":[\"Blog\",\"Media\",\"News\",\"Rights\"],\"inLanguage\":\"es\"},{\"@type\":\"WebPage\",\"@id\":\"https:\/\/www.rightscenter.org\/news\/cwr-speaks-with-abc-10-on-new-covid-sick-leave-policy\/\",\"url\":\"https:\/\/www.rightscenter.org\/news\/cwr-speaks-with-abc-10-on-new-covid-sick-leave-policy\/\",\"name\":\"CWR Speaks with ABC 10 on New COVID Sick Leave Policy | Center for Workers&#039; Rights\",\"isPartOf\":{\"@id\":\"https:\/\/www.rightscenter.org\/#website\"},\"primaryImageOfPage\":{\"@id\":\"https:\/\/www.rightscenter.org\/news\/cwr-speaks-with-abc-10-on-new-covid-sick-leave-policy\/#primaryimage\"},\"image\":{\"@id\":\"https:\/\/www.rightscenter.org\/news\/cwr-speaks-with-abc-10-on-new-covid-sick-leave-policy\/#primaryimage\"},\"thumbnailUrl\":\"https:\/\/www.rightscenter.org\/wp-content\/uploads\/EZ-on-ABC-1.jpg\",\"datePublished\":\"2022-01-26T21:00:23+00:00\",\"dateModified\":\"2023-09-15T20:03:22+00:00\",\"author\":{\"@id\":\"https:\/\/www.rightscenter.org\/#\/schema\/person\/e3b968050b452a41b8d45f9997486082\"},\"breadcrumb\":{\"@id\":\"https:\/\/www.rightscenter.org\/news\/cwr-speaks-with-abc-10-on-new-covid-sick-leave-policy\/#breadcrumb\"},\"inLanguage\":\"es\",\"potentialAction\":[{\"@type\":\"ReadAction\",\"target\":[\"https:\/\/www.rightscenter.org\/news\/cwr-speaks-with-abc-10-on-new-covid-sick-leave-policy\/\"]}]},{\"@type\":\"ImageObject\",\"inLanguage\":\"es\",\"@id\":\"https:\/\/www.rightscenter.org\/news\/cwr-speaks-with-abc-10-on-new-covid-sick-leave-policy\/#primaryimage\",\"url\":\"https:\/\/www.rightscenter.org\/wp-content\/uploads\/EZ-on-ABC-1.jpg\",\"contentUrl\":\"https:\/\/www.rightscenter.org\/wp-content\/uploads\/EZ-on-ABC-1.jpg\",\"width\":640,\"height\":480},{\"@type\":\"BreadcrumbList\",\"@id\":\"https:\/\/www.rightscenter.org\/news\/cwr-speaks-with-abc-10-on-new-covid-sick-leave-policy\/#breadcrumb\",\"itemListElement\":[{\"@type\":\"ListItem\",\"position\":1,\"name\":\"Home\",\"item\":\"https:\/\/www.rightscenter.org\/\"},{\"@type\":\"ListItem\",\"position\":2,\"name\":\"Blog\",\"item\":\"https:\/\/www.rightscenter.org\/news\/category\/blog\/\"},{\"@type\":\"ListItem\",\"position\":3,\"name\":\"CWR Speaks with ABC 10 on New COVID Sick Leave Policy\"}]},{\"@type\":\"WebSite\",\"@id\":\"https:\/\/www.rightscenter.org\/#website\",\"url\":\"https:\/\/www.rightscenter.org\/\",\"name\":\"Center for Workers&#039; Rights\",\"description\":\"\",\"potentialAction\":[{\"@type\":\"SearchAction\",\"target\":{\"@type\":\"EntryPoint\",\"urlTemplate\":\"https:\/\/www.rightscenter.org\/?s={search_term_string}\"},\"query-input\":{\"@type\":\"PropertyValueSpecification\",\"valueRequired\":true,\"valueName\":\"search_term_string\"}}],\"inLanguage\":\"es\"},{\"@type\":\"Person\",\"@id\":\"https:\/\/www.rightscenter.org\/#\/schema\/person\/e3b968050b452a41b8d45f9997486082\",\"name\":\"Gabriel\"}]}<\/script>\n<!-- \/ Yoast SEO plugin. -->","yoast_head_json":{"title":"CWR Speaks with ABC 10 on New COVID Sick Leave Policy | Center for Workers&#039; Rights","robots":{"index":"index","follow":"follow","max-snippet":"max-snippet:-1","max-image-preview":"max-image-preview:large","max-video-preview":"max-video-preview:-1"},"canonical":"https:\/\/www.rightscenter.org\/es\/news\/cwr-speaks-with-abc-10-on-new-covid-sick-leave-policy\/","og_locale":"es_ES","og_type":"article","og_title":"CWR Speaks with ABC 10 on New COVID Sick Leave Policy | Center for Workers&#039; Rights","og_description":"COVID Paid Sick Leave was once again extended in California! The benefits which had ended in September of 2021 have once again been reinstated due to the spike in the new COVID variant omicron.\u00a0 Mike Duffy, from ABC 10, invited our team to speak about the importance of this extension and to answer questions for [&hellip;]","og_url":"https:\/\/www.rightscenter.org\/es\/news\/cwr-speaks-with-abc-10-on-new-covid-sick-leave-policy\/","og_site_name":"Center for Workers&#039; Rights","article_published_time":"2022-01-26T21:00:23+00:00","article_modified_time":"2023-09-15T20:03:22+00:00","og_image":[{"width":640,"height":480,"url":"https:\/\/www.rightscenter.org\/wp-content\/uploads\/EZ-on-ABC-1.jpg","type":"image\/jpeg"}],"author":"Gabriel","twitter_card":"summary_large_image","schema":{"@context":"https:\/\/schema.org","@graph":[{"@type":"Article","@id":"https:\/\/www.rightscenter.org\/news\/cwr-speaks-with-abc-10-on-new-covid-sick-leave-policy\/#article","isPartOf":{"@id":"https:\/\/www.rightscenter.org\/news\/cwr-speaks-with-abc-10-on-new-covid-sick-leave-policy\/"},"author":{"name":"Gabriel","@id":"https:\/\/www.rightscenter.org\/#\/schema\/person\/e3b968050b452a41b8d45f9997486082"},"headline":"CWR Speaks with ABC 10 on New COVID Sick Leave Policy","datePublished":"2022-01-26T21:00:23+00:00","dateModified":"2023-09-15T20:03:22+00:00","mainEntityOfPage":{"@id":"https:\/\/www.rightscenter.org\/news\/cwr-speaks-with-abc-10-on-new-covid-sick-leave-policy\/"},"wordCount":306,"image":{"@id":"https:\/\/www.rightscenter.org\/news\/cwr-speaks-with-abc-10-on-new-covid-sick-leave-policy\/#primaryimage"},"thumbnailUrl":"https:\/\/www.rightscenter.org\/wp-content\/uploads\/EZ-on-ABC-1.jpg","keywords":["Awards","News","Update"],"articleSection":["Blog","Media","News","Rights"],"inLanguage":"es"},{"@type":"WebPage","@id":"https:\/\/www.rightscenter.org\/news\/cwr-speaks-with-abc-10-on-new-covid-sick-leave-policy\/","url":"https:\/\/www.rightscenter.org\/news\/cwr-speaks-with-abc-10-on-new-covid-sick-leave-policy\/","name":"CWR Speaks with ABC 10 on New COVID Sick Leave Policy | Center for Workers&#039; Rights","isPartOf":{"@id":"https:\/\/www.rightscenter.org\/#website"},"primaryImageOfPage":{"@id":"https:\/\/www.rightscenter.org\/news\/cwr-speaks-with-abc-10-on-new-covid-sick-leave-policy\/#primaryimage"},"image":{"@id":"https:\/\/www.rightscenter.org\/news\/cwr-speaks-with-abc-10-on-new-covid-sick-leave-policy\/#primaryimage"},"thumbnailUrl":"https:\/\/www.rightscenter.org\/wp-content\/uploads\/EZ-on-ABC-1.jpg","datePublished":"2022-01-26T21:00:23+00:00","dateModified":"2023-09-15T20:03:22+00:00","author":{"@id":"https:\/\/www.rightscenter.org\/#\/schema\/person\/e3b968050b452a41b8d45f9997486082"},"breadcrumb":{"@id":"https:\/\/www.rightscenter.org\/news\/cwr-speaks-with-abc-10-on-new-covid-sick-leave-policy\/#breadcrumb"},"inLanguage":"es","potentialAction":[{"@type":"ReadAction","target":["https:\/\/www.rightscenter.org\/news\/cwr-speaks-with-abc-10-on-new-covid-sick-leave-policy\/"]}]},{"@type":"ImageObject","inLanguage":"es","@id":"https:\/\/www.rightscenter.org\/news\/cwr-speaks-with-abc-10-on-new-covid-sick-leave-policy\/#primaryimage","url":"https:\/\/www.rightscenter.org\/wp-content\/uploads\/EZ-on-ABC-1.jpg","contentUrl":"https:\/\/www.rightscenter.org\/wp-content\/uploads\/EZ-on-ABC-1.jpg","width":640,"height":480},{"@type":"BreadcrumbList","@id":"https:\/\/www.rightscenter.org\/news\/cwr-speaks-with-abc-10-on-new-covid-sick-leave-policy\/#breadcrumb","itemListElement":[{"@type":"ListItem","position":1,"name":"Home","item":"https:\/\/www.rightscenter.org\/"},{"@type":"ListItem","position":2,"name":"Blog","item":"https:\/\/www.rightscenter.org\/news\/category\/blog\/"},{"@type":"ListItem","position":3,"name":"CWR Speaks with ABC 10 on New COVID Sick Leave Policy"}]},{"@type":"WebSite","@id":"https:\/\/www.rightscenter.org\/#website","url":"https:\/\/www.rightscenter.org\/","name":"Center for Workers&#039; Rights","description":"","potentialAction":[{"@type":"SearchAction","target":{"@type":"EntryPoint","urlTemplate":"https:\/\/www.rightscenter.org\/?s={search_term_string}"},"query-input":{"@type":"PropertyValueSpecification","valueRequired":true,"valueName":"search_term_string"}}],"inLanguage":"es"},{"@type":"Person","@id":"https:\/\/www.rightscenter.org\/#\/schema\/person\/e3b968050b452a41b8d45f9997486082","name":"Gabriel"}]}},"_links":{"self":[{"href":"https:\/\/www.rightscenter.org\/es\/wp-json\/wp\/v2\/posts\/3032","targetHints":{"allow":["GET"]}}],"collection":[{"href":"https:\/\/www.rightscenter.org\/es\/wp-json\/wp\/v2\/posts"}],"about":[{"href":"https:\/\/www.rightscenter.org\/es\/wp-json\/wp\/v2\/types\/post"}],"author":[{"embeddable":true,"href":"https:\/\/www.rightscenter.org\/es\/wp-json\/wp\/v2\/users\/15"}],"replies":[{"embeddable":true,"href":"https:\/\/www.rightscenter.org\/es\/wp-json\/wp\/v2\/comments?post=3032"}],"version-history":[{"count":0,"href":"https:\/\/www.rightscenter.org\/es\/wp-json\/wp\/v2\/posts\/3032\/revisions"}],"wp:featuredmedia":[{"embeddable":true,"href":"https:\/\/www.rightscenter.org\/es\/wp-json\/wp\/v2\/media\/3033"}],"wp:attachment":[{"href":"https:\/\/www.rightscenter.org\/es\/wp-json\/wp\/v2\/media?parent=3032"}],"wp:term":[{"taxonomy":"category","embeddable":true,"href":"https:\/\/www.rightscenter.org\/es\/wp-json\/wp\/v2\/categories?post=3032"},{"taxonomy":"post_tag","embeddable":true,"href":"https:\/\/www.rightscenter.org\/es\/wp-json\/wp\/v2\/tags?post=3032"}],"curies":[{"name":"wp","href":"https:\/\/api.w.org\/{rel}","templated":true}]}}